{"id":89089,"date":"2018-01-09T16:54:29","date_gmt":"2018-01-09T18:54:29","guid":{"rendered":"http:\/\/diarioregionaljf.com.br\/2018\/01\/09\/operacao-coibe-consumo-de-alcool-por-menores-de-idade\/"},"modified":"2018-01-09T16:54:29","modified_gmt":"2018-01-09T18:54:29","slug":"operacao-coibe-consumo-de-alcool-por-menores-de-idade","status":"publish","type":"post","link":"https:\/\/diarioregionaldigital.com.br\/?p=89089","title":{"rendered":"Opera\u00e7\u00e3o co\u00edbe consumo de \u00e1lcool por menores de idade"},"content":{"rendered":"<p>A Guarda Municipal, a Pol\u00edcia Militar e o Comissariado de Menores realizaram opera\u00e7\u00e3o na zona sul, regi\u00e3o dos bairros Alto dos Passos e S\u00e3o Mateus, com o objetivo de coibir o consumo de bebidas alco\u00f3licas por menores de idade. Durante o trabalho, realizado na noite de s\u00e1bado, 6, foram feitas abordagens a grupos em diversos pontos de concentra\u00e7\u00e3o de adolescentes, mas nenhuma apreens\u00e3o foi consumada.<\/p>\n<p>A opera\u00e7\u00e3o, planejada pela Guarda Municipal, teve in\u00edcio \u00e0s 21h e t\u00e9rmino \u00e0 meia-noite. A equipe percorreu pontos como bares e pra\u00e7as da regi\u00e3o, onde, habitualmente, re\u00fanem-se grupos de jovens, como a Rua Morais e Castro e estabelecimentos de com\u00e9rcio de bebidas nas imedia\u00e7\u00f5es. A a\u00e7\u00e3o contou com a participa\u00e7\u00e3o de 13 profissionais, sendo cinco guardas municipais, cinco comiss\u00e1rios de menor e tr\u00eas policiais militares.<\/p>\n<p>Com car\u00e1ter educativo e preventivo, a opera\u00e7\u00e3o levou orienta\u00e7\u00e3o a propriet\u00e1rios de estabelecimentos comerciais sobre a infra\u00e7\u00e3o cometida ao se comercializar bebida alco\u00f3lica, al\u00e9m de servir de alerta aos jovens. A Lei n\u00ba 13.106, de mar\u00e7o de 2015, altera o Estatuto da Crian\u00e7a e do Adolescente, tornando crime vender, fornecer, servir, ministrar ou entregar bebida alco\u00f3lica a crian\u00e7a ou a adolescente. A pena para quem for pego \u00e9 de dois a quatro anos de deten\u00e7\u00e3o e multa que varia de R$3 mil a R$10 mil, al\u00e9m da interdi\u00e7\u00e3o do estabelecimento.<\/p>\n<p>Segundo a comandante da Guarda Municipal, Emilce de Castro, a\u00e7\u00f5es desta natureza integram os \u00f3rg\u00e3os de defesa social e atendem \u00e0s demandas do cidad\u00e3o por mais seguran\u00e7a no espa\u00e7o urbano. Novas opera\u00e7\u00f5es dever\u00e3o ser deflagradas na regi\u00e3o durante o ano.<\/p>\n<p>&nbsp;<\/p>\n<p>Fonte: Assessoria<\/p>\n","protected":false},"excerpt":{"rendered":"<p>A Guarda Municipal, a Pol\u00edcia Militar e o Comissariado de Menores realizaram opera\u00e7\u00e3o na zona sul, regi\u00e3o dos bairros Alto dos Passos e S\u00e3o Mateus, com o objetivo de coibir o consumo de bebidas alco\u00f3licas por menores de idade. Durante o trabalho, realizado na noite de s\u00e1bado, 6, foram feitas abordagens a grupos em diversos [&hellip;]<\/p>\n","protected":false},"author":96,"featured_media":89088,"comment_status":"closed","ping_status":"closed","sticky":false,"template":"","format":"standard","meta":{"footnotes":""},"categories":[253],"tags":[],"class_list":["post-89089","post","type-post","status-publish","format-standard","has-post-thumbnail","hentry","category-cidade"],"_links":{"self":[{"href":"https:\/\/diarioregionaldigital.com.br\/index.php?rest_route=\/wp\/v2\/posts\/89089","targetHints":{"allow":["GET"]}}],"collection":[{"href":"https:\/\/diarioregionaldigital.com.br\/index.php?rest_route=\/wp\/v2\/posts"}],"about":[{"href":"https:\/\/diarioregionaldigital.com.br\/index.php?rest_route=\/wp\/v2\/types\/post"}],"author":[{"embeddable":true,"href":"https:\/\/diarioregionaldigital.com.br\/index.php?rest_route=\/wp\/v2\/users\/96"}],"replies":[{"embeddable":true,"href":"https:\/\/diarioregionaldigital.com.br\/index.php?rest_route=%2Fwp%2Fv2%2Fcomments&post=89089"}],"version-history":[{"count":0,"href":"https:\/\/diarioregionaldigital.com.br\/index.php?rest_route=\/wp\/v2\/posts\/89089\/revisions"}],"wp:featuredmedia":[{"embeddable":true,"href":"https:\/\/diarioregionaldigital.com.br\/index.php?rest_route=\/wp\/v2\/media\/89088"}],"wp:attachment":[{"href":"https:\/\/diarioregionaldigital.com.br\/index.php?rest_route=%2Fwp%2Fv2%2Fmedia&parent=89089"}],"wp:term":[{"taxonomy":"category","embeddable":true,"href":"https:\/\/diarioregionaldigital.com.br\/index.php?rest_route=%2Fwp%2Fv2%2Fcategories&post=89089"},{"taxonomy":"post_tag","embeddable":true,"href":"https:\/\/diarioregionaldigital.com.br\/index.php?rest_route=%2Fwp%2Fv2%2Ftags&post=89089"}],"curies":[{"name":"wp","href":"https:\/\/api.w.org\/{rel}","templated":true}]}}