{"id":89026,"date":"2018-01-08T19:49:59","date_gmt":"2018-01-08T21:49:59","guid":{"rendered":"http:\/\/diarioregionaljf.com.br\/2018\/01\/08\/prefeitura-recebe-devolucao-de-mais-de-r-3-milhoes-da-camara-municipal\/"},"modified":"2018-01-08T19:49:59","modified_gmt":"2018-01-08T21:49:59","slug":"prefeitura-recebe-devolucao-de-mais-de-r-3-milhoes-da-camara-municipal","status":"publish","type":"post","link":"https:\/\/diarioregionaldigital.com.br\/?p=89026","title":{"rendered":"Prefeitura recebe devolu\u00e7\u00e3o de mais de R$3 milh\u00f5es da C\u00e2mara Municipal"},"content":{"rendered":"<p>Cerca de R$3 milh\u00f5es foram devolvidos aos cofres da Prefeitura de Juiz de Fora (PJF) pela C\u00e2mara Municipal nesta segunda-feira, 8. A devolu\u00e7\u00e3o simb\u00f3lica de R$3.160.000 foi realizada pelo presidente do Legislativo, vereador Rodrigo Mattos, no gabinete do prefeito Bruno Siqueira. O chefe do Executivo agradeceu o esfor\u00e7o da C\u00e2mara, destacando as emendas parlamentares durante o \u00faltimo ano, destinadas \u00e0 \u00e1rea da sa\u00fade, setor que receber\u00e1 a verba agora devolvida: \u201cEstes recursos ser\u00e3o muito importantes para a cidade, e refor\u00e7ar\u00e3o nosso trabalho, de sempre buscar o melhor para Juiz de Fora\u201d.<\/p>\n<p>Para o presidente da C\u00e2mara, esta economia \u201cfoi fruto de planejamento feito pela Mesa Diretora e da consci\u00eancia dos vereadores, que entenderam o momento dif\u00edcil que a cidade vive, al\u00e9m de sabermos que o recurso vai ser investido de forma correta\u201d.<\/p>\n<p>O ato simb\u00f3lico tamb\u00e9m teve a presen\u00e7a dos vereadores Luiz Oct\u00e1vio \u2018Pardal\u2019, Jos\u00e9 M\u00e1rcio \u2018Garotinho\u2019 e Marlon Siqueira, al\u00e9m dos secret\u00e1rios de Comunica\u00e7\u00e3o Social, Michael Guedes, de Governo, Jos\u00e9 S\u00f3ter de Figueiroa, e do adjunto de Governo, Paulo Gutierrez, al\u00e9m da imprensa.<\/p>\n<p>&nbsp;<\/p>\n<p>Fonte: Assessoria<\/p>\n","protected":false},"excerpt":{"rendered":"<p>Cerca de R$3 milh\u00f5es foram devolvidos aos cofres da Prefeitura de Juiz de Fora (PJF) pela C\u00e2mara Municipal nesta segunda-feira, 8. A devolu\u00e7\u00e3o simb\u00f3lica de R$3.160.000 foi realizada pelo presidente do Legislativo, vereador Rodrigo Mattos, no gabinete do prefeito Bruno Siqueira. O chefe do Executivo agradeceu o esfor\u00e7o da C\u00e2mara, destacando as emendas parlamentares durante [&hellip;]<\/p>\n","protected":false},"author":96,"featured_media":89025,"comment_status":"closed","ping_status":"closed","sticky":false,"template":"","format":"standard","meta":{"footnotes":""},"categories":[253],"tags":[],"class_list":["post-89026","post","type-post","status-publish","format-standard","has-post-thumbnail","hentry","category-cidade"],"_links":{"self":[{"href":"https:\/\/diarioregionaldigital.com.br\/index.php?rest_route=\/wp\/v2\/posts\/89026","targetHints":{"allow":["GET"]}}],"collection":[{"href":"https:\/\/diarioregionaldigital.com.br\/index.php?rest_route=\/wp\/v2\/posts"}],"about":[{"href":"https:\/\/diarioregionaldigital.com.br\/index.php?rest_route=\/wp\/v2\/types\/post"}],"author":[{"embeddable":true,"href":"https:\/\/diarioregionaldigital.com.br\/index.php?rest_route=\/wp\/v2\/users\/96"}],"replies":[{"embeddable":true,"href":"https:\/\/diarioregionaldigital.com.br\/index.php?rest_route=%2Fwp%2Fv2%2Fcomments&post=89026"}],"version-history":[{"count":0,"href":"https:\/\/diarioregionaldigital.com.br\/index.php?rest_route=\/wp\/v2\/posts\/89026\/revisions"}],"wp:featuredmedia":[{"embeddable":true,"href":"https:\/\/diarioregionaldigital.com.br\/index.php?rest_route=\/wp\/v2\/media\/89025"}],"wp:attachment":[{"href":"https:\/\/diarioregionaldigital.com.br\/index.php?rest_route=%2Fwp%2Fv2%2Fmedia&parent=89026"}],"wp:term":[{"taxonomy":"category","embeddable":true,"href":"https:\/\/diarioregionaldigital.com.br\/index.php?rest_route=%2Fwp%2Fv2%2Fcategories&post=89026"},{"taxonomy":"post_tag","embeddable":true,"href":"https:\/\/diarioregionaldigital.com.br\/index.php?rest_route=%2Fwp%2Fv2%2Ftags&post=89026"}],"curies":[{"name":"wp","href":"https:\/\/api.w.org\/{rel}","templated":true}]}}