{"id":89024,"date":"2018-01-08T19:43:35","date_gmt":"2018-01-08T21:43:35","guid":{"rendered":"http:\/\/diarioregionaljf.com.br\/2018\/01\/08\/e-show-3\/"},"modified":"2018-01-08T19:43:35","modified_gmt":"2018-01-08T21:43:35","slug":"e-show-3","status":"publish","type":"post","link":"https:\/\/diarioregionaldigital.com.br\/?p=89024","title":{"rendered":"\u00c9 Show"},"content":{"rendered":"<p style=\"text-align: center;\"><span class=\"h4\">Em Alta<\/span><br \/>A Santa Casa de Miseric\u00f3rdia de Juiz de Fora comemora os bons resultados com os transplantes em 2017. Foram 91 transplantes de rim, um n\u00famero recorde, al\u00e9m do primeiro transplante de f\u00edgado da cidade e credenciamento para o transplante de p\u00e2ncreas. \u00c9 a oferta de oportunidade de vida melhor para a sociedade.<\/p>\n<p style=\"text-align: center;\"><span class=\"h4\">Maneiro<\/span><br \/>Fazendo sucesso o Mercadinho qualquer Coisa, no bairro Teixeiras. Por l\u00e1 dias atr\u00e1s Edson Le\u00e3o \u201ccausou\u201d com discotecagem em vinil com sua banda Fusca Voador.<\/p>\n<p style=\"text-align: center;\"><span class=\"h4\">Janeiro<\/span><br \/>Com o ver\u00e3o batendo na porta, as col\u00f4nias de f\u00e9rias em Juiz de Fora est\u00e3o pipocando. Na Arteria, at\u00e9 o dia 31 de janeiro rola programa\u00e7\u00e3o para crian\u00e7as de 03 a 08 anos. Visando um aprendizado multifuncional, no cronograma, h\u00e1 conta\u00e7\u00f5es de hist\u00f3rias, culin\u00e1ria, atividades com artes pl\u00e1sticas, capoeira, bailinho \u00e0 fantasia, e muito alto astral.<\/p>\n<p style=\"text-align: center;\"><span class=\"h4\">Cinemascope<\/span><br \/>Aguardado com ansiedade, a Mostra de Cinema de Tiradentes anunciou que trinta longas metragens ser\u00e3o exibidos ao longo dos nove dias do evento. Este ano a tem\u00e1tica ser\u00e1 \u201cChamado realista\u201d, que tamb\u00e9m \u00e9 nome de uma das mostras. Para a abertura \u201cCaf\u00e9 com Canela\u201d, de Ary Rosa e Glenda Nic\u00e1cio, ser\u00e1 exibido no Cine \u2013Tenda.<\/p>\n<p style=\"text-align: center;\"><span class=\"h4\">On-line<\/span><br \/>Din\u00e2mica e l\u00facida com os acontecimentos atuais, a m\u00e9dica psiquiatra Elimar Jacob Salzer Rodrigues brilha intensamente em seu blog. Recentemente ela publicou interessante \u2018post\u2019 sobre o lado bom de alguns maus h\u00e1bitos. No texto \u201cum trabalho com universit\u00e1rios americanos, concluiu que 20 minutos de fofocas podem reduzir a tens\u00e3o e a ansiedade. Para ela, pode ser\u201d um relaxamento mental, quando estas n\u00e3o s\u00e3o maldosas nem ofensivas, constituindo uma boa forma de criar e fortalecer v\u00ednculo entre as pessoas\u201d. T\u00e1 certo!<\/p>\n<p style=\"text-align: center;\"><span class=\"h4\">\u00c9 Show<\/span><br \/>N\u00e3o faltou alto astral e felicidade no descontra\u00eddo show do ac\u00fastico do cantor Gustavo Anthony realizado no Bar Nu Grau (Rua Halfeld), que tamb\u00e9m contou com apresenta\u00e7\u00e3o da incr\u00edvel cantora Sandra Portella e o maravilhoso Grupo NTI. Uma noite linda com prioridade para as fotos de Daniell de Mattos para esta coluna. Confiram.<\/p>\n<p style=\"text-align: center;\"><img decoding=\"async\" class=\" size-full wp-image-89017\" src=\"http:\/\/diarioregionaljf.com.br\/wp-content\/uploads\/2018\/01\/diario-int-22847-1.jpg\" alt=\"fotoa.jpg\" width=\"680\" style=\"display: block; margin-left: auto; margin-right: auto;\" srcset=\"https:\/\/diarioregionaldigital.com.br\/wp-content\/uploads\/2018\/01\/diario-int-22847-1.jpg 680w, https:\/\/diarioregionaldigital.com.br\/wp-content\/uploads\/2018\/01\/diario-int-22847-1-300x199.jpg 300w, https:\/\/diarioregionaldigital.com.br\/wp-content\/uploads\/2018\/01\/diario-int-22847-1-360x238.jpg 360w\" sizes=\"(max-width: 680px) 100vw, 680px\" \/>O cantor Gustavo Anthony, em seu show ac\u00fastico, no Nu Grau<\/p>\n<p style=\"text-align: center;\"><img decoding=\"async\" class=\" size-full wp-image-89018\" src=\"http:\/\/diarioregionaljf.com.br\/wp-content\/uploads\/2018\/01\/diario-int-22847-2.jpg\" alt=\"fotob.jpg\" width=\"680\" style=\"display: block; margin-left: auto; margin-right: auto;\" srcset=\"https:\/\/diarioregionaldigital.com.br\/wp-content\/uploads\/2018\/01\/diario-int-22847-2.jpg 680w, https:\/\/diarioregionaldigital.com.br\/wp-content\/uploads\/2018\/01\/diario-int-22847-2-300x199.jpg 300w, https:\/\/diarioregionaldigital.com.br\/wp-content\/uploads\/2018\/01\/diario-int-22847-2-360x238.jpg 360w\" sizes=\"(max-width: 680px) 100vw, 680px\" \/>Rafael Crespo, Gustavo Anthony e Sandra Portella<\/p>\n<p style=\"text-align: center;\"><img decoding=\"async\" class=\" size-full wp-image-89019\" src=\"http:\/\/diarioregionaljf.com.br\/wp-content\/uploads\/2018\/01\/diario-int-22847-3.jpg\" alt=\"fotoc.jpg\" width=\"680\" style=\"display: block; margin-left: auto; margin-right: auto;\" srcset=\"https:\/\/diarioregionaldigital.com.br\/wp-content\/uploads\/2018\/01\/diario-int-22847-3.jpg 680w, https:\/\/diarioregionaldigital.com.br\/wp-content\/uploads\/2018\/01\/diario-int-22847-3-300x243.jpg 300w, https:\/\/diarioregionaldigital.com.br\/wp-content\/uploads\/2018\/01\/diario-int-22847-3-360x291.jpg 360w\" sizes=\"(max-width: 680px) 100vw, 680px\" \/>A produtora Mara Sri com Gustavo Anthony<\/p>\n<p style=\"text-align: center;\"><img decoding=\"async\" class=\" size-full wp-image-89020\" src=\"http:\/\/diarioregionaljf.com.br\/wp-content\/uploads\/2018\/01\/diario-int-22847-4.jpg\" alt=\"fotod.jpg\" width=\"680\" style=\"display: block; margin-left: auto; margin-right: auto;\" srcset=\"https:\/\/diarioregionaldigital.com.br\/wp-content\/uploads\/2018\/01\/diario-int-22847-4.jpg 680w, https:\/\/diarioregionaldigital.com.br\/wp-content\/uploads\/2018\/01\/diario-int-22847-4-300x243.jpg 300w, https:\/\/diarioregionaldigital.com.br\/wp-content\/uploads\/2018\/01\/diario-int-22847-4-360x291.jpg 360w\" sizes=\"(max-width: 680px) 100vw, 680px\" \/>Sandra Portella e Gustavo Anthony<\/p>\n<p style=\"text-align: center;\"><img decoding=\"async\" class=\" size-full wp-image-89021\" src=\"http:\/\/diarioregionaljf.com.br\/wp-content\/uploads\/2018\/01\/diario-int-22847-5.jpg\" alt=\"fotoe.jpg\" width=\"680\" style=\"display: block; margin-left: auto; margin-right: auto;\" srcset=\"https:\/\/diarioregionaldigital.com.br\/wp-content\/uploads\/2018\/01\/diario-int-22847-5.jpg 680w, https:\/\/diarioregionaldigital.com.br\/wp-content\/uploads\/2018\/01\/diario-int-22847-5-300x199.jpg 300w, https:\/\/diarioregionaldigital.com.br\/wp-content\/uploads\/2018\/01\/diario-int-22847-5-360x238.jpg 360w\" sizes=\"(max-width: 680px) 100vw, 680px\" \/>Emerson e Ronald do Grupo NTI, com Gustavo Anthony<\/p>\n<p style=\"text-align: center;\"><img decoding=\"async\" class=\" size-full wp-image-89022\" src=\"http:\/\/diarioregionaljf.com.br\/wp-content\/uploads\/2018\/01\/diario-int-22847-6.jpg\" alt=\"fotof.jpg\" width=\"680\" style=\"display: block; margin-left: auto; margin-right: auto;\" srcset=\"https:\/\/diarioregionaldigital.com.br\/wp-content\/uploads\/2018\/01\/diario-int-22847-6.jpg 680w, https:\/\/diarioregionaldigital.com.br\/wp-content\/uploads\/2018\/01\/diario-int-22847-6-300x199.jpg 300w, https:\/\/diarioregionaldigital.com.br\/wp-content\/uploads\/2018\/01\/diario-int-22847-6-360x238.jpg 360w\" sizes=\"(max-width: 680px) 100vw, 680px\" \/>Gustavo Anthony ladeado de, Gilberto Estefano, Beatriz Fersia, Davi Vidal, Rodolfo Botti e Carlos Capistrano<\/p>\n<p style=\"text-align: center;\"><img decoding=\"async\" class=\" size-full wp-image-89023\" src=\"http:\/\/diarioregionaljf.com.br\/wp-content\/uploads\/2018\/01\/diario-int-22847-7.jpg\" alt=\"fotog.jpg\" width=\"680\" style=\"display: block; margin-left: auto; margin-right: auto;\" srcset=\"https:\/\/diarioregionaldigital.com.br\/wp-content\/uploads\/2018\/01\/diario-int-22847-7.jpg 680w, https:\/\/diarioregionaldigital.com.br\/wp-content\/uploads\/2018\/01\/diario-int-22847-7-300x194.jpg 300w, https:\/\/diarioregionaldigital.com.br\/wp-content\/uploads\/2018\/01\/diario-int-22847-7-360x233.jpg 360w\" sizes=\"(max-width: 680px) 100vw, 680px\" \/>Rafael Crespo, Gustavo Anthony, Sandra Portella, Erika Beire, Beto Souza, Helenise Machado, Eduardo Gomes e Fl\u00e1vio Meirelles<\/p>\n<p class=\"h4\" style=\"text-align: center;\">FOTOSS\u00cdNTESE<\/p>\n<p>A advogada Joannyria Roselei Teixeira passa a presid\u00eancia da Guarda Mirim nesta ter\u00e7a-feira, 9, para Jaqueline Borges \u00e0s 19h30. Para o tri\u00eanio 2018\/2020, Waldir Aquino ser\u00e1 o presidente do conselho fiscal e Marcelo Gon\u00e7alves, do conselho consultivo.<\/p>\n<p>Aniversariando hoje, 09, o jovem Luiz Fernando Maranha (leia-se Banda do Dudu). Parab\u00e9ns.<\/p>\n<p>Din\u00e2mico e carism\u00e1tico, Henrique Leal passa temporada de f\u00e9rias no Balne\u00e1rio de Cambori\u00fa.<\/p>\n<p>Diley Almeida avisa que j\u00e1 est\u00e3o abertas as inscri\u00e7\u00f5es para o maior Concurso de beleza da cidade. Vai entrar em cena o Mister e Miss Juiz de Fora CNB 2018. Paras homens de 18 a 27 anos, e mulheres de 18 a 26 anos. Inscri\u00e7\u00f5es devem ser feitas pelo e-mail <a href=\"mailto:MisterMissJF@hotmail.com\">MisterMissJF@hotmail.com<\/a> e custar\u00e1 30 reais. Apoio deste colunista.<\/p>\n<p>Bombou literalmente ontem no Renascen\u00e7a Clube no Rio o Show Moacyr Luz &amp; Samba do Trabalhador com participa\u00e7\u00e3o especial da diva Sandra Portella.<\/p>\n<p>Para agitar a galera, ser\u00e1 no dia 03 de fevereiro, das 15h \u00e0s 24h, o Baile do Come Quieto, no Terrazzo.<\/p>\n<p>Em ritmo de alala\u00f4, o gaiato bloco Parangol\u00e9 Valvulado, lan\u00e7a CD, no dia 10, no Cultural.<\/p>\n<p>De luto os meios de comunica\u00e7\u00e3o e social de Juiz e Fora com o falecimento do estimado professor Adilson Zappa. Ele foi um dos maiores incentivadores para a carreira deste colunista. Um abra\u00e7o carinhoso para a vi\u00fava Terezinha Zappa.<\/p>\n<p>As formandas de diversas faculdades de Juiz de Fora estar\u00e3o usando os bel\u00edssimos brincos, colares e pulseiras by Candy. A cole\u00e7\u00e3o est\u00e1 um luxo e est\u00e1 na loja do Mister Shopping. 2\u00ba piso.<\/p>\n<p>A bonita jornalista Helenise Machado, est\u00e1 dando expediente em moda na loja Veneno, no Mister Shopping, 2\u00ba piso.<\/p>\n<p>O fot\u00f3grafo Benito Maddalena lan\u00e7ou a campanha \u201cMais livrarias e menos farm\u00e1cias\u201d. Gostamos do t\u00edtulo, pois ler, \u00e9 vida.<\/p>\n<p>Resistindo ao tempo, o Grupo A Caminho de Bel\u00e9m, de folia de reis, do Bairro Ipiranga, saiu no dia 06 de janeiro, e comemorou devidamente o Dia de Reis. O grupo com 25 anos tem n\u00famero de componentes igual a idade. Palmas.<\/p>\n<p>Para conectar: Um brinde aos recome\u00e7os que nos permitem escolher outros caminhos e outros fins.<\/p>\n","protected":false},"excerpt":{"rendered":"<p>Em AltaA Santa Casa de Miseric\u00f3rdia de Juiz de Fora comemora os bons resultados com os transplantes em 2017. Foram 91 transplantes de rim, um n\u00famero recorde, al\u00e9m do primeiro transplante de f\u00edgado da cidade e credenciamento para o transplante de p\u00e2ncreas. \u00c9 a oferta de oportunidade de vida melhor para a sociedade. ManeiroFazendo sucesso [&hellip;]<\/p>\n","protected":false},"author":96,"featured_media":89016,"comment_status":"closed","ping_status":"closed","sticky":false,"template":"","format":"standard","meta":{"footnotes":""},"categories":[264],"tags":[],"class_list":["post-89024","post","type-post","status-publish","format-standard","has-post-thumbnail","hentry","category-eduardo-gomes"],"_links":{"self":[{"href":"https:\/\/diarioregionaldigital.com.br\/index.php?rest_route=\/wp\/v2\/posts\/89024","targetHints":{"allow":["GET"]}}],"collection":[{"href":"https:\/\/diarioregionaldigital.com.br\/index.php?rest_route=\/wp\/v2\/posts"}],"about":[{"href":"https:\/\/diarioregionaldigital.com.br\/index.php?rest_route=\/wp\/v2\/types\/post"}],"author":[{"embeddable":true,"href":"https:\/\/diarioregionaldigital.com.br\/index.php?rest_route=\/wp\/v2\/users\/96"}],"replies":[{"embeddable":true,"href":"https:\/\/diarioregionaldigital.com.br\/index.php?rest_route=%2Fwp%2Fv2%2Fcomments&post=89024"}],"version-history":[{"count":0,"href":"https:\/\/diarioregionaldigital.com.br\/index.php?rest_route=\/wp\/v2\/posts\/89024\/revisions"}],"wp:featuredmedia":[{"embeddable":true,"href":"https:\/\/diarioregionaldigital.com.br\/index.php?rest_route=\/wp\/v2\/media\/89016"}],"wp:attachment":[{"href":"https:\/\/diarioregionaldigital.com.br\/index.php?rest_route=%2Fwp%2Fv2%2Fmedia&parent=89024"}],"wp:term":[{"taxonomy":"category","embeddable":true,"href":"https:\/\/diarioregionaldigital.com.br\/index.php?rest_route=%2Fwp%2Fv2%2Fcategories&post=89024"},{"taxonomy":"post_tag","embeddable":true,"href":"https:\/\/diarioregionaldigital.com.br\/index.php?rest_route=%2Fwp%2Fv2%2Ftags&post=89024"}],"curies":[{"name":"wp","href":"https:\/\/api.w.org\/{rel}","templated":true}]}}