{"id":89015,"date":"2018-01-08T19:41:04","date_gmt":"2018-01-08T21:41:04","guid":{"rendered":"http:\/\/diarioregionaljf.com.br\/2018\/01\/08\/desenhos-do-interno-mais-antigo-do-educandario-carlos-chagas-ganham-exposicao\/"},"modified":"2018-01-08T19:41:04","modified_gmt":"2018-01-08T21:41:04","slug":"desenhos-do-interno-mais-antigo-do-educandario-carlos-chagas-ganham-exposicao","status":"publish","type":"post","link":"https:\/\/diarioregionaldigital.com.br\/?p=89015","title":{"rendered":"Desenhos do interno mais antigo do Educand\u00e1rio Carlos Chagas ganham exposi\u00e7\u00e3o"},"content":{"rendered":"<p>O interno mais antigo do Educand\u00e1rio Carlos Chagas, institui\u00e7\u00e3o beneficente que atua h\u00e1 85 anos em Juiz de Fora, exp\u00f5e, pela primeira vez, seus desenhos, no Shopping Jardim Norte. Jos\u00e9 Rodrigues de Jesus, mais conhecido como Juca, tem 56 anos e foi levado para o Educand\u00e1rio com um dia de vida, quando foi separado de seus pais, que tinham hansen\u00edase. Desde ent\u00e3o, com a ajuda da equipe do Educand\u00e1rio, Juca vem desenvolvendo seu dom pela arte. Com seus desenhos, feitos com giz de cera, ele conta hist\u00f3rias, expressa sentimentos e compartilha sua vis\u00e3o de mundo.<\/p>\n<p>A exposi\u00e7\u00e3o &#8220;Literatura desenhada&#8221; entra em cartaz no dia 10 de janeiro, no Espa\u00e7o Cultural do Shopping Jardim Norte, ao lado da Pra\u00e7a de Eventos, no piso L1. Junto com os trabalhos assinados por Juca, ser\u00e3o apresentados textos de autores nacionais e locais, que dialogam com as imagens. A mostra poder\u00e1 ser visitada gratuitamente at\u00e9 o pr\u00f3ximo dia 30.<\/p>\n<p>A trajet\u00f3ria de vida de Juca revela um importante cap\u00edtulo da hist\u00f3ria da sa\u00fade no Brasil. Na \u00e9poca em que ele nasceu, os filhos eram tirados dos pais portadores de hansen\u00edase, que, por desconhecimento da sociedade sobre a doen\u00e7a, eram levados para os lepros\u00e1rios. Em 1949, o isolamento for\u00e7ado dos hansenianos virou lei federal, que vigorou at\u00e9 1986.<\/p>\n<p>&nbsp;<\/p>\n<h4>LITERATURA DESENHADA<\/h4>\n<p>A exposi\u00e7\u00e3o com os trabalhos de Juca faz parte do projeto &#8220;Literatura desenhada&#8221;, promovido pelo Centro de Artes e Esportes Unificados Coronel Ademir Romualdo de Oliveira, a Pra\u00e7a CEU de Benfica. O projeto tem o objetivo de valorizar as pr\u00e1ticas da leitura e da produ\u00e7\u00e3o art\u00edstica espont\u00e2nea nos diversos p\u00fablicos. Ap\u00f3s serem expostos no Shopping Jardim Norte, os desenhos de Juca ficar\u00e3o em exposi\u00e7\u00e3o na sala de leitura do CEU (Av. Presidente Juscelino Kubitschek, n\u00ba5.899).<\/p>\n<h4>&nbsp;<\/h4>\n<h4>O EDUCAND\u00c1RIO<\/h4>\n<p>O Educand\u00e1rio Carlos Chagas \u00e9 uma institui\u00e7\u00e3o civil assistencial cujo objetivo original era acolher, manter e educar crian\u00e7as e adolescentes carentes, em situa\u00e7\u00e3o de abandono, com prioridade aos filhos de hansenianos ou de qualquer outra doen\u00e7a. Ap\u00f3s uma reformula\u00e7\u00e3o das pol\u00edticas da institui\u00e7\u00e3o, em 2009, a prioridade passou a ser o atendimento \u00e0s pessoas com defici\u00eancia f\u00edsica, mental e intelectual, especialmente as em situa\u00e7\u00e3o de abandono, somente para pessoas adultas, n\u00e3o mais atendendo crian\u00e7as e adolescentes em regime de abrigo. Entretanto, a institui\u00e7\u00e3o ainda mant\u00e9m um programa de primeiro emprego e de aprendizagem profissional com institui\u00e7\u00f5es de Juiz de Fora, al\u00e9m de parceria com creches assistenciais. Hoje o Educand\u00e1rio abriga 26 acolhidos.<\/p>\n<p>&nbsp;<\/p>\n<p>Fonte: Assessoria<\/p>\n","protected":false},"excerpt":{"rendered":"<p>O interno mais antigo do Educand\u00e1rio Carlos Chagas, institui\u00e7\u00e3o beneficente que atua h\u00e1 85 anos em Juiz de Fora, exp\u00f5e, pela primeira vez, seus desenhos, no Shopping Jardim Norte. Jos\u00e9 Rodrigues de Jesus, mais conhecido como Juca, tem 56 anos e foi levado para o Educand\u00e1rio com um dia de vida, quando foi separado de [&hellip;]<\/p>\n","protected":false},"author":96,"featured_media":89014,"comment_status":"closed","ping_status":"closed","sticky":false,"template":"","format":"standard","meta":{"footnotes":""},"categories":[253],"tags":[],"class_list":["post-89015","post","type-post","status-publish","format-standard","has-post-thumbnail","hentry","category-cidade"],"_links":{"self":[{"href":"https:\/\/diarioregionaldigital.com.br\/index.php?rest_route=\/wp\/v2\/posts\/89015","targetHints":{"allow":["GET"]}}],"collection":[{"href":"https:\/\/diarioregionaldigital.com.br\/index.php?rest_route=\/wp\/v2\/posts"}],"about":[{"href":"https:\/\/diarioregionaldigital.com.br\/index.php?rest_route=\/wp\/v2\/types\/post"}],"author":[{"embeddable":true,"href":"https:\/\/diarioregionaldigital.com.br\/index.php?rest_route=\/wp\/v2\/users\/96"}],"replies":[{"embeddable":true,"href":"https:\/\/diarioregionaldigital.com.br\/index.php?rest_route=%2Fwp%2Fv2%2Fcomments&post=89015"}],"version-history":[{"count":0,"href":"https:\/\/diarioregionaldigital.com.br\/index.php?rest_route=\/wp\/v2\/posts\/89015\/revisions"}],"wp:featuredmedia":[{"embeddable":true,"href":"https:\/\/diarioregionaldigital.com.br\/index.php?rest_route=\/wp\/v2\/media\/89014"}],"wp:attachment":[{"href":"https:\/\/diarioregionaldigital.com.br\/index.php?rest_route=%2Fwp%2Fv2%2Fmedia&parent=89015"}],"wp:term":[{"taxonomy":"category","embeddable":true,"href":"https:\/\/diarioregionaldigital.com.br\/index.php?rest_route=%2Fwp%2Fv2%2Fcategories&post=89015"},{"taxonomy":"post_tag","embeddable":true,"href":"https:\/\/diarioregionaldigital.com.br\/index.php?rest_route=%2Fwp%2Fv2%2Ftags&post=89015"}],"curies":[{"name":"wp","href":"https:\/\/api.w.org\/{rel}","templated":true}]}}