{"id":89013,"date":"2018-01-08T19:15:20","date_gmt":"2018-01-08T21:15:20","guid":{"rendered":"http:\/\/diarioregionaljf.com.br\/2018\/01\/08\/mutirao-de-cirurgia-de-cataratas-atendera-gratuitamente-cerca-40-pessoas-em-muriae\/"},"modified":"2018-01-08T19:15:20","modified_gmt":"2018-01-08T21:15:20","slug":"mutirao-de-cirurgia-de-cataratas-atendera-gratuitamente-cerca-40-pessoas-em-muriae","status":"publish","type":"post","link":"https:\/\/diarioregionaldigital.com.br\/?p=89013","title":{"rendered":"Mutir\u00e3o de Cirurgia de Cataratas atender\u00e1 gratuitamente cerca 40 pessoas em Muria\u00e9"},"content":{"rendered":"<p>O segundo Mutir\u00e3o de Cataratas realizado pela Prefeitura de Muria\u00e9, ser\u00e1 no pr\u00f3ximo dia 17, no Hospital Prontocor. Quarenta pessoas ser\u00e3o atendidas nesta etapa. As outras 60 que fizeram a opera\u00e7\u00e3o em dezembro de 2017 passar\u00e3o por revis\u00e3o. O benef\u00edcio permitir\u00e1 que as pessoas voltem a enxergar, melhorando assim a qualidade de vida dos atendidos.<\/p>\n<p>A cirurgia \u00e9 de extrema necessidade, pois quando a lente natural de dentro do olho humano (o cristalino) perde transpar\u00eancia, a qualidade da vis\u00e3o diminui e, caso n\u00e3o seja feita uma interven\u00e7\u00e3o, pode levar \u00e0 cegueira. \u201cEstamos realizando o mutir\u00e3o para que possamos devolver a vis\u00e3o para estas pessoas que est\u00e3o com os olhos comprometidos. Tamb\u00e9m queremos eliminar as grandes filas de cirurgias, por isto, estamos realizando esta sequ\u00eancia de opera\u00e7\u00f5es. Oferecemos aos pacientes a cirurgia, os \u00f3culos e o col\u00edrio adequado para a interven\u00e7\u00e3o, assim como a revis\u00e3o no per\u00edodo de um m\u00eas\u201d, disse o secret\u00e1rio de Sa\u00fade, Paulo C\u00e9sar de Oliveira.<\/p>\n<p>A Prefeitura est\u00e1 realizando os Mutir\u00f5es de Cataratas com recursos pr\u00f3prios. As verbas que deveriam vir mensalmente do Governo do Estado est\u00e3o chegando com mais de tr\u00eas meses de atraso, dificultando a realiza\u00e7\u00e3o de muitos servi\u00e7os na cidade. \u201cMesmo com os atrasos de repasse, estamos investindo na sa\u00fade. Licitamos e contratamos uma empresa para fazer as opera\u00e7\u00f5es, assim como definimos que elas seriam realizadas no Prontocor. Lutamos muito e conseguimos reunir recursos para fazer esta sequ\u00eancia de cirurgias, diminuindo a fila de espera e construindo um caminho com mais sa\u00fade para os muriaeenses\u201d, afirmou o prefeito Grego.<\/p>\n<p>&nbsp;<\/p>\n<p><strong>Mutir\u00e3o de Cirurgias de Cataratas<\/strong><br \/>Local: Hospital Prontocor &#8211; Avenida Dr. Passos, n\u00ba 719 &#8211; Centro<br \/>Dia: 17 de janeiro<br \/>Hor\u00e1rio: A partir das 6h<br \/>Telefone de contato: 3729 &#8211; 3800<\/p>\n<p>Fonte: Assessoria<\/p>\n<p>&nbsp;<\/p>\n","protected":false},"excerpt":{"rendered":"<p>O segundo Mutir\u00e3o de Cataratas realizado pela Prefeitura de Muria\u00e9, ser\u00e1 no pr\u00f3ximo dia 17, no Hospital Prontocor. Quarenta pessoas ser\u00e3o atendidas nesta etapa. As outras 60 que fizeram a opera\u00e7\u00e3o em dezembro de 2017 passar\u00e3o por revis\u00e3o. O benef\u00edcio permitir\u00e1 que as pessoas voltem a enxergar, melhorando assim a qualidade de vida dos atendidos. [&hellip;]<\/p>\n","protected":false},"author":96,"featured_media":89012,"comment_status":"closed","ping_status":"closed","sticky":false,"template":"","format":"standard","meta":{"footnotes":""},"categories":[252],"tags":[],"class_list":["post-89013","post","type-post","status-publish","format-standard","has-post-thumbnail","hentry","category-regiao"],"_links":{"self":[{"href":"https:\/\/diarioregionaldigital.com.br\/index.php?rest_route=\/wp\/v2\/posts\/89013","targetHints":{"allow":["GET"]}}],"collection":[{"href":"https:\/\/diarioregionaldigital.com.br\/index.php?rest_route=\/wp\/v2\/posts"}],"about":[{"href":"https:\/\/diarioregionaldigital.com.br\/index.php?rest_route=\/wp\/v2\/types\/post"}],"author":[{"embeddable":true,"href":"https:\/\/diarioregionaldigital.com.br\/index.php?rest_route=\/wp\/v2\/users\/96"}],"replies":[{"embeddable":true,"href":"https:\/\/diarioregionaldigital.com.br\/index.php?rest_route=%2Fwp%2Fv2%2Fcomments&post=89013"}],"version-history":[{"count":0,"href":"https:\/\/diarioregionaldigital.com.br\/index.php?rest_route=\/wp\/v2\/posts\/89013\/revisions"}],"wp:featuredmedia":[{"embeddable":true,"href":"https:\/\/diarioregionaldigital.com.br\/index.php?rest_route=\/wp\/v2\/media\/89012"}],"wp:attachment":[{"href":"https:\/\/diarioregionaldigital.com.br\/index.php?rest_route=%2Fwp%2Fv2%2Fmedia&parent=89013"}],"wp:term":[{"taxonomy":"category","embeddable":true,"href":"https:\/\/diarioregionaldigital.com.br\/index.php?rest_route=%2Fwp%2Fv2%2Fcategories&post=89013"},{"taxonomy":"post_tag","embeddable":true,"href":"https:\/\/diarioregionaldigital.com.br\/index.php?rest_route=%2Fwp%2Fv2%2Ftags&post=89013"}],"curies":[{"name":"wp","href":"https:\/\/api.w.org\/{rel}","templated":true}]}}