{"id":89011,"date":"2018-01-08T19:06:11","date_gmt":"2018-01-08T21:06:11","guid":{"rendered":"http:\/\/diarioregionaljf.com.br\/2018\/01\/08\/acidente-entre-carro-e-moto-deixa-um-ferido-na-br-356\/"},"modified":"2018-01-08T19:06:11","modified_gmt":"2018-01-08T21:06:11","slug":"acidente-entre-carro-e-moto-deixa-um-ferido-na-br-356","status":"publish","type":"post","link":"https:\/\/diarioregionaldigital.com.br\/?p=89011","title":{"rendered":"Acidente entre carro e moto deixa um ferido na BR-356"},"content":{"rendered":"<p>Um motociclista ficou ferido em um acidente ocorrido na manh\u00e3 desta segunda-feira, 8, na ponte da BR-356 que liga os bairros Dornelas e Cardoso de Mello, em Muria\u00e9 (a cerca de 158Km de JF). O choque ocorreu entre a moto na qual a v\u00edtima estava e um carro.<\/p>\n<p>Policiais militares do Meio Ambiente e populares que passavam pelo local auxiliaram a v\u00edtima, que ficou ca\u00edda no asfalto, at\u00e9 a chegada do SAMU. O motociclista foi imobilizado e levado para o Hospital S\u00e3o Paulo.<\/p>\n<p>N\u00e3o h\u00e1 informa\u00e7\u00f5es oficiais sobre o estado de sa\u00fade da v\u00edtima.<\/p>\n<p>Segundo informa\u00e7\u00f5es da Pol\u00edcia Militar (PM), o condutor do autom\u00f3vel relatou que saiu do bairro Napole\u00e3o e tentou atravessar a BR-356 em dire\u00e7\u00e3o ao bairro Santana, por\u00e9m n\u00e3o percebeu a aproxima\u00e7\u00e3o da moto, que seguia na rodovia em dire\u00e7\u00e3o ao bairro Dornelas. O motociclista n\u00e3o conseguiu evitar o choque e bateu do lado direito ve\u00edculo.<\/p>\n<p>A Pol\u00edcia Militar (PM) foi acionada e assumiu o registro da ocorr\u00eancia. A causa do acidente ser\u00e1 apurada posteriormente pela Pol\u00edcia Civil (PC).<\/p>\n<p>&nbsp;<\/p>\n<p>Da reda\u00e7\u00e3o\/R\u00e1dio Muria\u00e9<\/p>\n","protected":false},"excerpt":{"rendered":"<p>Um motociclista ficou ferido em um acidente ocorrido na manh\u00e3 desta segunda-feira, 8, na ponte da BR-356 que liga os bairros Dornelas e Cardoso de Mello, em Muria\u00e9 (a cerca de 158Km de JF). O choque ocorreu entre a moto na qual a v\u00edtima estava e um carro. Policiais militares do Meio Ambiente e populares [&hellip;]<\/p>\n","protected":false},"author":96,"featured_media":89010,"comment_status":"closed","ping_status":"closed","sticky":false,"template":"","format":"standard","meta":{"footnotes":""},"categories":[252],"tags":[],"class_list":["post-89011","post","type-post","status-publish","format-standard","has-post-thumbnail","hentry","category-regiao"],"_links":{"self":[{"href":"https:\/\/diarioregionaldigital.com.br\/index.php?rest_route=\/wp\/v2\/posts\/89011","targetHints":{"allow":["GET"]}}],"collection":[{"href":"https:\/\/diarioregionaldigital.com.br\/index.php?rest_route=\/wp\/v2\/posts"}],"about":[{"href":"https:\/\/diarioregionaldigital.com.br\/index.php?rest_route=\/wp\/v2\/types\/post"}],"author":[{"embeddable":true,"href":"https:\/\/diarioregionaldigital.com.br\/index.php?rest_route=\/wp\/v2\/users\/96"}],"replies":[{"embeddable":true,"href":"https:\/\/diarioregionaldigital.com.br\/index.php?rest_route=%2Fwp%2Fv2%2Fcomments&post=89011"}],"version-history":[{"count":0,"href":"https:\/\/diarioregionaldigital.com.br\/index.php?rest_route=\/wp\/v2\/posts\/89011\/revisions"}],"wp:featuredmedia":[{"embeddable":true,"href":"https:\/\/diarioregionaldigital.com.br\/index.php?rest_route=\/wp\/v2\/media\/89010"}],"wp:attachment":[{"href":"https:\/\/diarioregionaldigital.com.br\/index.php?rest_route=%2Fwp%2Fv2%2Fmedia&parent=89011"}],"wp:term":[{"taxonomy":"category","embeddable":true,"href":"https:\/\/diarioregionaldigital.com.br\/index.php?rest_route=%2Fwp%2Fv2%2Fcategories&post=89011"},{"taxonomy":"post_tag","embeddable":true,"href":"https:\/\/diarioregionaldigital.com.br\/index.php?rest_route=%2Fwp%2Fv2%2Ftags&post=89011"}],"curies":[{"name":"wp","href":"https:\/\/api.w.org\/{rel}","templated":true}]}}