{"id":89009,"date":"2018-01-08T18:58:30","date_gmt":"2018-01-08T20:58:30","guid":{"rendered":"http:\/\/diarioregionaljf.com.br\/2018\/01\/08\/projeto-preve-limite-de-prazo-para-pensao-alimenticia\/"},"modified":"2018-01-08T18:58:30","modified_gmt":"2018-01-08T20:58:30","slug":"projeto-preve-limite-de-prazo-para-pensao-alimenticia","status":"publish","type":"post","link":"https:\/\/diarioregionaldigital.com.br\/?p=89009","title":{"rendered":"Projeto prev\u00ea limite de prazo para pens\u00e3o aliment\u00edcia"},"content":{"rendered":"<p>A C\u00e2mara dos Deputados analisa proposta que altera o C\u00f3digo Civil (Lei 10.406\/02) para estabelecer que a pens\u00e3o aliment\u00edcia entre c\u00f4njuges dever\u00e1 ser fixada por prazo certo sempre que o requerente trabalhar ou tiver plenas condi\u00e7\u00f5es de se inserir no mercado de trabalho, resguardando casos excepcionais.<\/p>\n<p>O Projeto de Lei 8207\/17 foi apresentado pelo deputado Augusto Carvalho (SD-DF). Segundo o autor, ao fixar a pens\u00e3o aliment\u00edcia, \u00e9 preciso observar a propor\u00e7\u00e3o das necessidades de quem pede e os recursos de quem paga.<\/p>\n<p>\u201cA fim de n\u00e3o tolerar a perpetua\u00e7\u00e3o de injustas situa\u00e7\u00f5es que pretendam perenizar a assist\u00eancia, optou-se por tra\u00e7ar limites para que a obriga\u00e7\u00e3o de prestar alimentos n\u00e3o seja utilizada ad aeternum em hip\u00f3teses que n\u00e3o demandem efetiva necessidade de quem os pleiteia\u201d, diz Carvalho. Segundo ele, esse tem sido o entendimento jurisprudencial do Superior Tribunal de Justi\u00e7a (STJ).<\/p>\n<p>Carvalho afirma que o STJ tem considerado a obriga\u00e7\u00e3o uma exce\u00e7\u00e3o \u00e0 regra, \u201cincidente apenas quando configurada a depend\u00eancia do outro ou a car\u00eancia de assist\u00eancia alheia\u201d.<\/p>\n<p>&nbsp;<\/p>\n<h4>TRAMITA\u00c7\u00c3O<\/h4>\n<p>O projeto ser\u00e1 analisado em car\u00e1ter conclusivo pelas comiss\u00f5es de Seguridade Social e Fam\u00edlia; e de Constitui\u00e7\u00e3o e Justi\u00e7a e de Cidadania.<\/p>\n<p>Fonte:Ag\u00eancia C\u00e2mara Not\u00edcias<\/p>\n","protected":false},"excerpt":{"rendered":"<p>A C\u00e2mara dos Deputados analisa proposta que altera o C\u00f3digo Civil (Lei 10.406\/02) para estabelecer que a pens\u00e3o aliment\u00edcia entre c\u00f4njuges dever\u00e1 ser fixada por prazo certo sempre que o requerente trabalhar ou tiver plenas condi\u00e7\u00f5es de se inserir no mercado de trabalho, resguardando casos excepcionais. O Projeto de Lei 8207\/17 foi apresentado pelo deputado [&hellip;]<\/p>\n","protected":false},"author":96,"featured_media":89008,"comment_status":"closed","ping_status":"closed","sticky":false,"template":"","format":"standard","meta":{"footnotes":""},"categories":[254],"tags":[],"class_list":["post-89009","post","type-post","status-publish","format-standard","has-post-thumbnail","hentry","category-politica"],"_links":{"self":[{"href":"https:\/\/diarioregionaldigital.com.br\/index.php?rest_route=\/wp\/v2\/posts\/89009","targetHints":{"allow":["GET"]}}],"collection":[{"href":"https:\/\/diarioregionaldigital.com.br\/index.php?rest_route=\/wp\/v2\/posts"}],"about":[{"href":"https:\/\/diarioregionaldigital.com.br\/index.php?rest_route=\/wp\/v2\/types\/post"}],"author":[{"embeddable":true,"href":"https:\/\/diarioregionaldigital.com.br\/index.php?rest_route=\/wp\/v2\/users\/96"}],"replies":[{"embeddable":true,"href":"https:\/\/diarioregionaldigital.com.br\/index.php?rest_route=%2Fwp%2Fv2%2Fcomments&post=89009"}],"version-history":[{"count":0,"href":"https:\/\/diarioregionaldigital.com.br\/index.php?rest_route=\/wp\/v2\/posts\/89009\/revisions"}],"wp:featuredmedia":[{"embeddable":true,"href":"https:\/\/diarioregionaldigital.com.br\/index.php?rest_route=\/wp\/v2\/media\/89008"}],"wp:attachment":[{"href":"https:\/\/diarioregionaldigital.com.br\/index.php?rest_route=%2Fwp%2Fv2%2Fmedia&parent=89009"}],"wp:term":[{"taxonomy":"category","embeddable":true,"href":"https:\/\/diarioregionaldigital.com.br\/index.php?rest_route=%2Fwp%2Fv2%2Fcategories&post=89009"},{"taxonomy":"post_tag","embeddable":true,"href":"https:\/\/diarioregionaldigital.com.br\/index.php?rest_route=%2Fwp%2Fv2%2Ftags&post=89009"}],"curies":[{"name":"wp","href":"https:\/\/api.w.org\/{rel}","templated":true}]}}