{"id":89007,"date":"2018-01-08T18:55:40","date_gmt":"2018-01-08T20:55:40","guid":{"rendered":"http:\/\/diarioregionaljf.com.br\/2018\/01\/08\/jovem-e-preso-com-pistola-9mm-de-fabricacao-turca-em-carangola\/"},"modified":"2018-01-08T18:55:40","modified_gmt":"2018-01-08T20:55:40","slug":"jovem-e-preso-com-pistola-9mm-de-fabricacao-turca-em-carangola","status":"publish","type":"post","link":"https:\/\/diarioregionaldigital.com.br\/?p=89007","title":{"rendered":"Jovem \u00e9 preso com pistola 9mm de fabrica\u00e7\u00e3o turca em Carangola"},"content":{"rendered":"<p>Um jovem de 20 anos foi preso e um adolescente de 17 anos apreendido na noite deste domingo, 7, no munic\u00edpio de Carangola (a cerca de 243 Km de Juiz de Fora) com uma arma de uso restrito. A dupla foi levada para a Delegacia de Plant\u00e3o em Muria\u00e9 onde foi registrada a ocorr\u00eancia.<\/p>\n<p>Segundo o Boletim de Ocorr\u00eancia (BO), policiais militares receberam den\u00fancia que um homem estaria armado e amea\u00e7ando pessoas em uma festa pr\u00f3ximo ao Terminal Rodovi\u00e1rio daquela cidade.<\/p>\n<p>Os militares foram para o local informado na den\u00fancia e localizaram o suspeito que, ao perceber aproxima\u00e7\u00e3o dos policiais, desobedeceu a ordem de parada e correu. Durante a fuga, ele deixou cair o carregador de uma pistola municiado.<\/p>\n<p>O autor correu em dire\u00e7\u00e3o ao bairro Tri\u00e2ngulo, entrou em um terreno e pulou sobre o telhado de v\u00e1rias casas, mas ao descer na rua foi alcan\u00e7ado. Ele ainda resistiu a abordagem, por\u00e9m foi detido e algemado.<\/p>\n<p>Um adolescente que estava pr\u00f3ximo ao local e, segundo os militares, seria comparsa do jovem abordado tamb\u00e9m foi detido.<\/p>\n<p>Os policiais fizeram uma varredura pelos locais onde o suspeito passou \u00e0 procura da arma at\u00e9 encontrar a pistola 9 mil\u00edmetros sobre o telhado de uma casa. A arma \u00e9 de fabrica\u00e7\u00e3o turca e est\u00e1 com a numera\u00e7\u00e3o raspada.<\/p>\n<p>Inicialmente a dupla foi levada para o Hospital Casa de Caridade Carangola e em seguida trazida para a Delegacia de Pol\u00edcia Civil de plant\u00e3o, em Muria\u00e9.<\/p>\n<p>No Boletim de Ocorr\u00eancia, os policiais relataram que o jovem de 20 anos diz ser traficante de drogas, por isso recolheram os aparelhos celulares do mesmo. Junto com ele tamb\u00e9m foram apreendidos R$145.<\/p>\n<p>&nbsp;<\/p>\n<p>Da reda\u00e7\u00e3o\/R\u00e1dio Muria\u00e9<\/p>\n","protected":false},"excerpt":{"rendered":"<p>Um jovem de 20 anos foi preso e um adolescente de 17 anos apreendido na noite deste domingo, 7, no munic\u00edpio de Carangola (a cerca de 243 Km de Juiz de Fora) com uma arma de uso restrito. A dupla foi levada para a Delegacia de Plant\u00e3o em Muria\u00e9 onde foi registrada a ocorr\u00eancia. Segundo [&hellip;]<\/p>\n","protected":false},"author":96,"featured_media":89006,"comment_status":"closed","ping_status":"closed","sticky":false,"template":"","format":"standard","meta":{"footnotes":""},"categories":[252],"tags":[],"class_list":["post-89007","post","type-post","status-publish","format-standard","has-post-thumbnail","hentry","category-regiao"],"_links":{"self":[{"href":"https:\/\/diarioregionaldigital.com.br\/index.php?rest_route=\/wp\/v2\/posts\/89007","targetHints":{"allow":["GET"]}}],"collection":[{"href":"https:\/\/diarioregionaldigital.com.br\/index.php?rest_route=\/wp\/v2\/posts"}],"about":[{"href":"https:\/\/diarioregionaldigital.com.br\/index.php?rest_route=\/wp\/v2\/types\/post"}],"author":[{"embeddable":true,"href":"https:\/\/diarioregionaldigital.com.br\/index.php?rest_route=\/wp\/v2\/users\/96"}],"replies":[{"embeddable":true,"href":"https:\/\/diarioregionaldigital.com.br\/index.php?rest_route=%2Fwp%2Fv2%2Fcomments&post=89007"}],"version-history":[{"count":0,"href":"https:\/\/diarioregionaldigital.com.br\/index.php?rest_route=\/wp\/v2\/posts\/89007\/revisions"}],"wp:featuredmedia":[{"embeddable":true,"href":"https:\/\/diarioregionaldigital.com.br\/index.php?rest_route=\/wp\/v2\/media\/89006"}],"wp:attachment":[{"href":"https:\/\/diarioregionaldigital.com.br\/index.php?rest_route=%2Fwp%2Fv2%2Fmedia&parent=89007"}],"wp:term":[{"taxonomy":"category","embeddable":true,"href":"https:\/\/diarioregionaldigital.com.br\/index.php?rest_route=%2Fwp%2Fv2%2Fcategories&post=89007"},{"taxonomy":"post_tag","embeddable":true,"href":"https:\/\/diarioregionaldigital.com.br\/index.php?rest_route=%2Fwp%2Fv2%2Ftags&post=89007"}],"curies":[{"name":"wp","href":"https:\/\/api.w.org\/{rel}","templated":true}]}}