{"id":89001,"date":"2018-01-08T18:39:15","date_gmt":"2018-01-08T20:39:15","guid":{"rendered":"http:\/\/diarioregionaljf.com.br\/2018\/01\/08\/ccj-examina-isencao-de-impostos-sobre-remedios-para-pessoas-de-baixa-renda\/"},"modified":"2018-01-08T18:39:15","modified_gmt":"2018-01-08T20:39:15","slug":"ccj-examina-isencao-de-impostos-sobre-remedios-para-pessoas-de-baixa-renda","status":"publish","type":"post","link":"https:\/\/diarioregionaldigital.com.br\/?p=89001","title":{"rendered":"CCJ examina isen\u00e7\u00e3o de impostos sobre rem\u00e9dios para pessoas de baixa renda"},"content":{"rendered":"<p>Pode ser votada em 2018, pela Comiss\u00e3o de Constitui\u00e7\u00e3o, Justi\u00e7a e Cidadania (CCJ), proposta que reduz o pre\u00e7o dos rem\u00e9dios usados por pessoas de baixa renda. O texto estabelece a isen\u00e7\u00e3o de impostos incidentes sobre medicamentos quando forem vendidos a pessoas com renda de at\u00e9 tr\u00eas sal\u00e1rios m\u00ednimos mensais e a aposentados, pensionistas ou idosos que tenham renda de at\u00e9 dez sal\u00e1rios m\u00ednimos mensais.<\/p>\n<p>A Proposta de Emenda \u00e0 Constitui\u00e7\u00e3o (PEC) 65\/2016, do senador Telm\u00e1rio Mota (PTB-RR), pro\u00edbe a cobran\u00e7a de impostos sobre medicamentos de uso humano quando adquiridos por popula\u00e7\u00e3o de baixa renda. Para ele, a alta carga tribut\u00e1ria sobre os rem\u00e9dios dificulta o acesso da popula\u00e7\u00e3o a tratamentos adequados, o que pode comprometer a sa\u00fade das pessoas, assim como aumenta os gastos do pr\u00f3prio Estado com pol\u00edticas p\u00fablicas de sa\u00fade.<\/p>\n<p>&#8220;A imunidade proposta tornar\u00e1 mais acess\u00edveis os rem\u00e9dios e diminuir\u00e1 os gastos p\u00fablicos com o servi\u00e7o de sa\u00fade, pois o tratamento preventivo reduzir\u00e1 as interna\u00e7\u00f5es hospitalares e as interven\u00e7\u00f5es cir\u00fargicas&#8221;, argumentou o senador. Ele tamb\u00e9m lembrou que o Brasil est\u00e1 entre os pa\u00edses do mundo com a maior carga tribut\u00e1ria sobre medicamentos.<\/p>\n<p>No relat\u00f3rio pela aprova\u00e7\u00e3o do texto, o senador Eduardo Lopes (PRB-RJ) diz considerar a iniciativa oportuna. &#8220;N\u00e3o se pode esquecer que a popula\u00e7\u00e3o de baixa renda, por viver em regi\u00f5es ou \u00e1reas urbanas com infraestrutura de fornecimento de \u00e1gua e capta\u00e7\u00e3o de esgoto mais prec\u00e1rias, est\u00e1 exposta a diversas enfermidades, da\u00ed a necessidade mais frequente do uso de medicamentos&#8221;, lembrou o relator.<\/p>\n<p>&nbsp;<\/p>\n<p>Fonte: Ag\u00eancia Senado<\/p>\n","protected":false},"excerpt":{"rendered":"<p>Pode ser votada em 2018, pela Comiss\u00e3o de Constitui\u00e7\u00e3o, Justi\u00e7a e Cidadania (CCJ), proposta que reduz o pre\u00e7o dos rem\u00e9dios usados por pessoas de baixa renda. O texto estabelece a isen\u00e7\u00e3o de impostos incidentes sobre medicamentos quando forem vendidos a pessoas com renda de at\u00e9 tr\u00eas sal\u00e1rios m\u00ednimos mensais e a aposentados, pensionistas ou idosos [&hellip;]<\/p>\n","protected":false},"author":96,"featured_media":89000,"comment_status":"closed","ping_status":"closed","sticky":false,"template":"","format":"standard","meta":{"footnotes":""},"categories":[254],"tags":[],"class_list":["post-89001","post","type-post","status-publish","format-standard","has-post-thumbnail","hentry","category-politica"],"_links":{"self":[{"href":"https:\/\/diarioregionaldigital.com.br\/index.php?rest_route=\/wp\/v2\/posts\/89001","targetHints":{"allow":["GET"]}}],"collection":[{"href":"https:\/\/diarioregionaldigital.com.br\/index.php?rest_route=\/wp\/v2\/posts"}],"about":[{"href":"https:\/\/diarioregionaldigital.com.br\/index.php?rest_route=\/wp\/v2\/types\/post"}],"author":[{"embeddable":true,"href":"https:\/\/diarioregionaldigital.com.br\/index.php?rest_route=\/wp\/v2\/users\/96"}],"replies":[{"embeddable":true,"href":"https:\/\/diarioregionaldigital.com.br\/index.php?rest_route=%2Fwp%2Fv2%2Fcomments&post=89001"}],"version-history":[{"count":0,"href":"https:\/\/diarioregionaldigital.com.br\/index.php?rest_route=\/wp\/v2\/posts\/89001\/revisions"}],"wp:featuredmedia":[{"embeddable":true,"href":"https:\/\/diarioregionaldigital.com.br\/index.php?rest_route=\/wp\/v2\/media\/89000"}],"wp:attachment":[{"href":"https:\/\/diarioregionaldigital.com.br\/index.php?rest_route=%2Fwp%2Fv2%2Fmedia&parent=89001"}],"wp:term":[{"taxonomy":"category","embeddable":true,"href":"https:\/\/diarioregionaldigital.com.br\/index.php?rest_route=%2Fwp%2Fv2%2Fcategories&post=89001"},{"taxonomy":"post_tag","embeddable":true,"href":"https:\/\/diarioregionaldigital.com.br\/index.php?rest_route=%2Fwp%2Fv2%2Ftags&post=89001"}],"curies":[{"name":"wp","href":"https:\/\/api.w.org\/{rel}","templated":true}]}}