{"id":88999,"date":"2018-01-08T18:25:13","date_gmt":"2018-01-08T20:25:13","guid":{"rendered":"http:\/\/diarioregionaljf.com.br\/2018\/01\/08\/programas-de-pos-graduacao-da-ufjf-estao-com-inscricoes-abertas\/"},"modified":"2018-01-08T18:25:13","modified_gmt":"2018-01-08T20:25:13","slug":"programas-de-pos-graduacao-da-ufjf-estao-com-inscricoes-abertas","status":"publish","type":"post","link":"https:\/\/diarioregionaldigital.com.br\/?p=88999","title":{"rendered":"Programas de P\u00f3s-gradua\u00e7\u00e3o da UFJF est\u00e3o com inscri\u00e7\u00f5es abertas"},"content":{"rendered":"<p>Programas de p\u00f3s-gradua\u00e7\u00e3o da Universidade Federal de Juiz de Fora (UFJF) est\u00e3o com inscri\u00e7\u00f5es abertas entre os meses de janeiro e fevereiro de 2018. As vagas s\u00e3o v\u00e1lidas para este ano, em \u00e1reas como Ci\u00eancias Biol\u00f3gicas, Psicologia e Sa\u00fade.<\/p>\n<p>&nbsp;<\/p>\n<h4>CI\u00caNCIAS BIOL\u00d3GICAS<\/h4>\n<p>O <a href=\"http:\/\/www.ufjf.br\/pgcbio\/\" target=\"_blank\" rel=\"noopener noreferrer\">Programa de P\u00f3s-gradua\u00e7\u00e3o em Ci\u00eancias Biol\u00f3gicas <\/a>&#8211; Imunologia e DIP\/Gen\u00e9tica e Biotecnologia (PPGCBIO) disponibiliza 12 vagas para mestrado e cinco para o doutorado nas \u00e1reas de Imunologia e Doen\u00e7as Infecto Parasit\u00e1rias e Gen\u00e9tica e Biotecnologia. As inscri\u00e7\u00f5es devem ser feitas presencialmente, at\u00e9 24 de janeiro de 2018, na secretaria do programa, localizada no Instituto de Ci\u00eancias Biol\u00f3gicas (ICB). O funcionamento \u00e9 de 9h \u00e0s 15h. Outra op\u00e7\u00e3o \u00e9 se inscrever pelo Sedex. Nesse caso, \u00e9 preciso enviar o requerimento de inscri\u00e7\u00e3o via e-mail e todos os documentos necess\u00e1rios para a secretaria do programa at\u00e9 24 de janeiro. Confira o <a href=\"http:\/\/www.ufjf.br\/pgcbio\/files\/2017\/12\/Edital-Processo-Seletivo-PPGCBIO-2018.pdf\" target=\"_blank\" rel=\"noopener noreferrer\">edital completo<\/a> e outras informa\u00e7\u00f5es no <a href=\"http:\/\/www.ufjf.br\/pgcbio\/2017\/12\/18\/divulgado-o-edital-do-processo-seletivo-2018\/\" target=\"_blank\" rel=\"noopener noreferrer\">site do programa<\/a>.<\/p>\n<p>&nbsp;<\/p>\n<h4>PSICOLOGIA<\/h4>\n<p>O <a href=\"http:\/\/www.ufjf.br\/ppgpsicologia\/\" target=\"_blank\" rel=\"noopener noreferrer\">Programa de P\u00f3s-gradua\u00e7\u00e3o em Psicologia (PPG-Psicologia) <\/a>disponibiliza at\u00e9 24 vagas de mestrado em diferentes linhas de pesquisa. Para se inscrever, o candidato deve ir at\u00e9 a recep\u00e7\u00e3o dos programas de p\u00f3s-gradua\u00e7\u00e3o, no Bloco A do Instituto de Ci\u00eancias Humanas (ICH), terceiro andar. Segundo o <a href=\"http:\/\/www.ufjf.br\/ppgpsicologia\/files\/2017\/11\/Edital-02-2017-MESTRADO.pdf\" target=\"_blank\" rel=\"noopener noreferrer\">edital<\/a>, as inscri\u00e7\u00f5es presenciais poder\u00e3o ser feitas entre 29 de janeiro e 9 de fevereiro de 2018, de segunda \u00e0 sexta-feira, de 10h \u00e0s 18h. J\u00e1 o prazo de inscri\u00e7\u00f5es via Sedex termina em 5 de fevereiro, considerando o carimbo postal para verifica\u00e7\u00e3o. Outras 18 vagas estar\u00e3o dispon\u00edveis para o doutorado. Os procedimentos de inscri\u00e7\u00e3o s\u00e3o os mesmos do mestrado. Veja outras informa\u00e7\u00f5es no <a href=\"http:\/\/www.ufjf.br\/ppgpsicologia\/files\/2017\/11\/Edital-03-2017-DOUTORADO.pdf\" target=\"_blank\" rel=\"noopener noreferrer\">edital<\/a>. No <a href=\"http:\/\/www.ufjf.br\/ppgpsicologia\/2017\/11\/29\/edital-processo-seletivo-mestrado-e-doutorado\/\" target=\"_blank\" rel=\"noopener noreferrer\">site do PPG-Psicologi<\/a>a tamb\u00e9m h\u00e1 informa\u00e7\u00f5es complementares para os interessados nos dois processos seletivos.<\/p>\n<p>&nbsp;<\/p>\n<h4>SA\u00daDE<\/h4>\n<p>O <a href=\"http:\/\/www.ufjf.br\/ppgsaude\/\" target=\"_blank\" rel=\"noopener noreferrer\">Programa de P\u00f3s-gradua\u00e7\u00e3o em Sa\u00fade (PPgS)<\/a> disponibiliza vagas para mestrado e para doutorado. As inscri\u00e7\u00f5es come\u00e7am em 5 de fevereiro e v\u00e3o at\u00e9 8 de fevereiro de 2018. Os interessados devem ir at\u00e9 a secretaria do programa, localizada ao primeiro andar do pr\u00e9dio da Faculdade de Medicina, na Avenida Eug\u00eanio do Nascimento, s\/n, Bairro Dom Bosco. O hor\u00e1rio de funcionamento \u00e9 de 9h \u00e0s 13h e de 14h \u00e0s 16h. Para fazer inscri\u00e7\u00e3o a dist\u00e2ncia, o candidato deve entrar em contato com a secretaria at\u00e9 o dia 2 de fevereiro e obter instru\u00e7\u00f5es. Outras informa\u00e7\u00f5es no <a href=\"http:\/\/www.ufjf.br\/ppgsaude\/files\/2017\/12\/Edital-Selec%CC%A7a%CC%83o-PPgSau%CC%81de-2018_11.pdf\" target=\"_blank\" rel=\"noopener noreferrer\">edital completo<\/a> e no <a href=\"http:\/\/www.ufjf.br\/ppgsaude\/2017\/12\/14\/edital-de-selecao-para-mestrado-e-doutorado-do-ppg-saude-2018\/\" target=\"_blank\" rel=\"noopener noreferrer\">site do programa<\/a>.<\/p>\n<p>&nbsp;<\/p>\n<p>Fonte: Assessoria<\/p>\n","protected":false},"excerpt":{"rendered":"<p>Programas de p\u00f3s-gradua\u00e7\u00e3o da Universidade Federal de Juiz de Fora (UFJF) est\u00e3o com inscri\u00e7\u00f5es abertas entre os meses de janeiro e fevereiro de 2018. As vagas s\u00e3o v\u00e1lidas para este ano, em \u00e1reas como Ci\u00eancias Biol\u00f3gicas, Psicologia e Sa\u00fade. &nbsp; CI\u00caNCIAS BIOL\u00d3GICAS O Programa de P\u00f3s-gradua\u00e7\u00e3o em Ci\u00eancias Biol\u00f3gicas &#8211; Imunologia e DIP\/Gen\u00e9tica e Biotecnologia [&hellip;]<\/p>\n","protected":false},"author":96,"featured_media":88998,"comment_status":"closed","ping_status":"closed","sticky":false,"template":"","format":"standard","meta":{"footnotes":""},"categories":[280],"tags":[],"class_list":["post-88999","post","type-post","status-publish","format-standard","has-post-thumbnail","hentry","category-concurso"],"_links":{"self":[{"href":"https:\/\/diarioregionaldigital.com.br\/index.php?rest_route=\/wp\/v2\/posts\/88999","targetHints":{"allow":["GET"]}}],"collection":[{"href":"https:\/\/diarioregionaldigital.com.br\/index.php?rest_route=\/wp\/v2\/posts"}],"about":[{"href":"https:\/\/diarioregionaldigital.com.br\/index.php?rest_route=\/wp\/v2\/types\/post"}],"author":[{"embeddable":true,"href":"https:\/\/diarioregionaldigital.com.br\/index.php?rest_route=\/wp\/v2\/users\/96"}],"replies":[{"embeddable":true,"href":"https:\/\/diarioregionaldigital.com.br\/index.php?rest_route=%2Fwp%2Fv2%2Fcomments&post=88999"}],"version-history":[{"count":0,"href":"https:\/\/diarioregionaldigital.com.br\/index.php?rest_route=\/wp\/v2\/posts\/88999\/revisions"}],"wp:featuredmedia":[{"embeddable":true,"href":"https:\/\/diarioregionaldigital.com.br\/index.php?rest_route=\/wp\/v2\/media\/88998"}],"wp:attachment":[{"href":"https:\/\/diarioregionaldigital.com.br\/index.php?rest_route=%2Fwp%2Fv2%2Fmedia&parent=88999"}],"wp:term":[{"taxonomy":"category","embeddable":true,"href":"https:\/\/diarioregionaldigital.com.br\/index.php?rest_route=%2Fwp%2Fv2%2Fcategories&post=88999"},{"taxonomy":"post_tag","embeddable":true,"href":"https:\/\/diarioregionaldigital.com.br\/index.php?rest_route=%2Fwp%2Fv2%2Ftags&post=88999"}],"curies":[{"name":"wp","href":"https:\/\/api.w.org\/{rel}","templated":true}]}}