{"id":88993,"date":"2018-01-08T18:05:05","date_gmt":"2018-01-08T20:05:05","guid":{"rendered":"http:\/\/diarioregionaljf.com.br\/2018\/01\/08\/pjf-divulga-primeiras-chamadas-de-aprovados-em-processo-seletivo-para-contratacao-de-professores\/"},"modified":"2018-01-08T18:05:05","modified_gmt":"2018-01-08T20:05:05","slug":"pjf-divulga-primeiras-chamadas-de-aprovados-em-processo-seletivo-para-contratacao-de-professores","status":"publish","type":"post","link":"https:\/\/diarioregionaldigital.com.br\/?p=88993","title":{"rendered":"PJF divulga primeiras chamadas de aprovados em processo seletivo para contrata\u00e7\u00e3o de professores"},"content":{"rendered":"<p>A Prefeitura de Juiz de Fora (PJF) divulgou as primeiras listas de convoca\u00e7\u00e3o dos candidatos aprovados no processo seletivo para contrata\u00e7\u00e3o de professores para atua\u00e7\u00e3o no ano letivo de 2018 (Editais n\u00ba 336 e 337). As contrata\u00e7\u00f5es come\u00e7am nesta ter\u00e7a-feira, 9, no Centro de Forma\u00e7\u00e3o do Professor (Avenida Get\u00falio Vargas, 200, Centro).<\/p>\n<p>\u00c0s 8h30, dever\u00e3o comparecer os professores de biologia, filosofia, espanhol, f\u00edsica e qu\u00edmica, conforme a chamada publicada <a href=\"https:\/\/www.pjf.mg.gov.br\/e_atos\/e_atos_vis.php?id=58378\" target=\"_blank\" rel=\"noopener noreferrer\">aqui<\/a>. Os professores de inform\u00e1tica dever\u00e3o comparecer nos hor\u00e1rios estipulados na listagem deste <a href=\"https:\/\/www.pjf.mg.gov.br\/e_atos\/e_atos_vis.php?id=58382\" target=\"_blank\" rel=\"noopener noreferrer\">link<\/a>. \u00c0s 14h30, no mesmo local, dever\u00e3o comparecer os docentes de braile, int\u00e9rprete de libras, libras surdos e libras ouvintes, que tamb\u00e9m podem verificar a chamada <a href=\"https:\/\/www.pjf.mg.gov.br\/e_atos\/e_atos_vis.php?id=58382\" target=\"_blank\" rel=\"noopener noreferrer\">aqui<\/a>. A fase de chamadas dever\u00e1 ocorrer durante todo este m\u00eas, e os candidatos devem acompanhar as publica\u00e7\u00f5es no &#8220;Atos do Governo&#8221; ou na se\u00e7\u00e3o &#8220;Contrata\u00e7\u00e3o tempor\u00e1ria&#8221;, no site da PJF.<\/p>\n<p>&nbsp;<\/p>\n<p>Fonte: Assessoria<\/p>\n","protected":false},"excerpt":{"rendered":"<p>A Prefeitura de Juiz de Fora (PJF) divulgou as primeiras listas de convoca\u00e7\u00e3o dos candidatos aprovados no processo seletivo para contrata\u00e7\u00e3o de professores para atua\u00e7\u00e3o no ano letivo de 2018 (Editais n\u00ba 336 e 337). As contrata\u00e7\u00f5es come\u00e7am nesta ter\u00e7a-feira, 9, no Centro de Forma\u00e7\u00e3o do Professor (Avenida Get\u00falio Vargas, 200, Centro). \u00c0s 8h30, dever\u00e3o [&hellip;]<\/p>\n","protected":false},"author":96,"featured_media":88992,"comment_status":"closed","ping_status":"closed","sticky":false,"template":"","format":"standard","meta":{"footnotes":""},"categories":[280],"tags":[],"class_list":["post-88993","post","type-post","status-publish","format-standard","has-post-thumbnail","hentry","category-concurso"],"_links":{"self":[{"href":"https:\/\/diarioregionaldigital.com.br\/index.php?rest_route=\/wp\/v2\/posts\/88993","targetHints":{"allow":["GET"]}}],"collection":[{"href":"https:\/\/diarioregionaldigital.com.br\/index.php?rest_route=\/wp\/v2\/posts"}],"about":[{"href":"https:\/\/diarioregionaldigital.com.br\/index.php?rest_route=\/wp\/v2\/types\/post"}],"author":[{"embeddable":true,"href":"https:\/\/diarioregionaldigital.com.br\/index.php?rest_route=\/wp\/v2\/users\/96"}],"replies":[{"embeddable":true,"href":"https:\/\/diarioregionaldigital.com.br\/index.php?rest_route=%2Fwp%2Fv2%2Fcomments&post=88993"}],"version-history":[{"count":0,"href":"https:\/\/diarioregionaldigital.com.br\/index.php?rest_route=\/wp\/v2\/posts\/88993\/revisions"}],"wp:featuredmedia":[{"embeddable":true,"href":"https:\/\/diarioregionaldigital.com.br\/index.php?rest_route=\/wp\/v2\/media\/88992"}],"wp:attachment":[{"href":"https:\/\/diarioregionaldigital.com.br\/index.php?rest_route=%2Fwp%2Fv2%2Fmedia&parent=88993"}],"wp:term":[{"taxonomy":"category","embeddable":true,"href":"https:\/\/diarioregionaldigital.com.br\/index.php?rest_route=%2Fwp%2Fv2%2Fcategories&post=88993"},{"taxonomy":"post_tag","embeddable":true,"href":"https:\/\/diarioregionaldigital.com.br\/index.php?rest_route=%2Fwp%2Fv2%2Ftags&post=88993"}],"curies":[{"name":"wp","href":"https:\/\/api.w.org\/{rel}","templated":true}]}}