{"id":88991,"date":"2018-01-08T18:04:19","date_gmt":"2018-01-08T20:04:19","guid":{"rendered":"http:\/\/diarioregionaljf.com.br\/2018\/01\/08\/mercado-financeiro-espera-que-inflacao-encerre-2018-em-3-95\/"},"modified":"2018-01-08T18:04:19","modified_gmt":"2018-01-08T20:04:19","slug":"mercado-financeiro-espera-que-inflacao-encerre-2018-em-3-95","status":"publish","type":"post","link":"https:\/\/diarioregionaldigital.com.br\/?p=88991","title":{"rendered":"Mercado financeiro espera que infla\u00e7\u00e3o encerre 2018 em 3,95%"},"content":{"rendered":"<p>O mercado financeiro reduziu levemente a proje\u00e7\u00e3o para a infla\u00e7\u00e3o em 2018. A estimativa para o \u00cdndice Nacional de Pre\u00e7os ao Consumidor Amplo (IPCA) &#8211; a infla\u00e7\u00e3o oficial do pa\u00eds &#8211; passou de 3,96% na divulga\u00e7\u00e3o da semana passada para 3,95% hoje. H\u00e1 quatro semanas, a expectativa estava em 4,02% para 2018.<\/p>\n<p>A proje\u00e7\u00e3o consta do boletim Focus, publica\u00e7\u00e3o divulgada nesta segunda-feira, 8, no site do Banco Central (BC) com proje\u00e7\u00f5es para os principais indicadores econ\u00f4micos.<\/p>\n<p>A estimativa para o crescimento do Produto Interno Bruto (PIB), a soma de todos os bens e servi\u00e7os produzidos no pa\u00eds, deste ano tamb\u00e9m caiu levemente, passou de 2,70% na \u00faltima divulga\u00e7\u00e3o para 2,69%.<\/p>\n<p><strong>Cresce proje\u00e7\u00e3o do IPCA para 2017: 2,79%<\/strong><\/p>\n<p>Para 2017, o mercado elevou a proje\u00e7\u00e3o do IPCA de 2,78% para 2,79%. A estimativa segue abaixo do piso da meta da infla\u00e7\u00e3o. Se a proje\u00e7\u00e3o se confirmar, ser\u00e1 a primeira vez que a meta ser\u00e1 descumprida por ficar abaixo do piso. A meta ficou acima do teto quatro vezes: em 2001, 2002, 2003 e 2015.<\/p>\n<p>A meta de infla\u00e7\u00e3o, que deve ser perseguida pelo BC, tem como centro 4,5%, limite inferior de 3% e superior de 6%. Quando a infla\u00e7\u00e3o fica fora desses patamares, o BC tem que elaborar uma carta aberta ao ministro da Fazenda, Henrique Meirelles, explicando os motivos do descumprimento da meta.<\/p>\n<p>A proje\u00e7\u00e3o aumentou para o PIB do ano passado, o mercado estima que o crescimento seja de 1,01%. A \u00faltima proje\u00e7\u00e3o era de 1%.<\/p>\n<hr \/>\n<p>&nbsp;Fonte: Ag\u00eancia Brasil<\/p>\n","protected":false},"excerpt":{"rendered":"<p>O mercado financeiro reduziu levemente a proje\u00e7\u00e3o para a infla\u00e7\u00e3o em 2018. A estimativa para o \u00cdndice Nacional de Pre\u00e7os ao Consumidor Amplo (IPCA) &#8211; a infla\u00e7\u00e3o oficial do pa\u00eds &#8211; passou de 3,96% na divulga\u00e7\u00e3o da semana passada para 3,95% hoje. H\u00e1 quatro semanas, a expectativa estava em 4,02% para 2018. A proje\u00e7\u00e3o consta [&hellip;]<\/p>\n","protected":false},"author":96,"featured_media":88990,"comment_status":"closed","ping_status":"closed","sticky":false,"template":"","format":"standard","meta":{"footnotes":""},"categories":[261],"tags":[],"class_list":["post-88991","post","type-post","status-publish","format-standard","has-post-thumbnail","hentry","category-economia"],"_links":{"self":[{"href":"https:\/\/diarioregionaldigital.com.br\/index.php?rest_route=\/wp\/v2\/posts\/88991","targetHints":{"allow":["GET"]}}],"collection":[{"href":"https:\/\/diarioregionaldigital.com.br\/index.php?rest_route=\/wp\/v2\/posts"}],"about":[{"href":"https:\/\/diarioregionaldigital.com.br\/index.php?rest_route=\/wp\/v2\/types\/post"}],"author":[{"embeddable":true,"href":"https:\/\/diarioregionaldigital.com.br\/index.php?rest_route=\/wp\/v2\/users\/96"}],"replies":[{"embeddable":true,"href":"https:\/\/diarioregionaldigital.com.br\/index.php?rest_route=%2Fwp%2Fv2%2Fcomments&post=88991"}],"version-history":[{"count":0,"href":"https:\/\/diarioregionaldigital.com.br\/index.php?rest_route=\/wp\/v2\/posts\/88991\/revisions"}],"wp:featuredmedia":[{"embeddable":true,"href":"https:\/\/diarioregionaldigital.com.br\/index.php?rest_route=\/wp\/v2\/media\/88990"}],"wp:attachment":[{"href":"https:\/\/diarioregionaldigital.com.br\/index.php?rest_route=%2Fwp%2Fv2%2Fmedia&parent=88991"}],"wp:term":[{"taxonomy":"category","embeddable":true,"href":"https:\/\/diarioregionaldigital.com.br\/index.php?rest_route=%2Fwp%2Fv2%2Fcategories&post=88991"},{"taxonomy":"post_tag","embeddable":true,"href":"https:\/\/diarioregionaldigital.com.br\/index.php?rest_route=%2Fwp%2Fv2%2Ftags&post=88991"}],"curies":[{"name":"wp","href":"https:\/\/api.w.org\/{rel}","templated":true}]}}