{"id":88989,"date":"2018-01-08T17:55:26","date_gmt":"2018-01-08T19:55:26","guid":{"rendered":"http:\/\/diarioregionaljf.com.br\/2018\/01\/08\/menina-de-sete-anos-e-baleada-no-santa-candida\/"},"modified":"2018-01-08T17:55:26","modified_gmt":"2018-01-08T19:55:26","slug":"menina-de-sete-anos-e-baleada-no-santa-candida","status":"publish","type":"post","link":"https:\/\/diarioregionaldigital.com.br\/?p=88989","title":{"rendered":"Menina de sete anos \u00e9 baleada no Santa C\u00e2ndida"},"content":{"rendered":"<p>Uma menina de sete anos e um rapaz de 22 foram baleados na tarde desta segunda-feira, 8, na Rua Pedro Paulo Vieira, situada no bairro Santa C\u00e2ndida, zona Leste. Conforme informa\u00e7\u00f5es da Pol\u00edcia Militar (PM), um indiv\u00edduo efetuou seis disparos de arma de fogo na dire\u00e7\u00e3o do jovem, que foi atingido de rasp\u00e3o na n\u00e1dega direita. Um dos disparos atingiu uma das pernas da crian\u00e7a, que foi socorrida por populares e levada ao Hospital Doutor Jo\u00e3o Fel\u00edcio.<\/p>\n<p>O jovem de 22 anos foi socorrido pelo Samu e encaminhado ao Hospital de Pronto Socorro (HPS). Segundo a PM, ele j\u00e1 foi liberado.<\/p>\n<p>Ap\u00f3s os tiros, o autor fugiu e os policiais realizam buscas na tentativa de captur\u00e1-lo. A ocorr\u00eancia segue em andamento.<\/p>\n","protected":false},"excerpt":{"rendered":"<p>Uma menina de sete anos e um rapaz de 22 foram baleados na tarde desta segunda-feira, 8, na Rua Pedro Paulo Vieira, situada no bairro Santa C\u00e2ndida, zona Leste. Conforme informa\u00e7\u00f5es da Pol\u00edcia Militar (PM), um indiv\u00edduo efetuou seis disparos de arma de fogo na dire\u00e7\u00e3o do jovem, que foi atingido de rasp\u00e3o na n\u00e1dega [&hellip;]<\/p>\n","protected":false},"author":96,"featured_media":88988,"comment_status":"closed","ping_status":"closed","sticky":false,"template":"","format":"standard","meta":{"footnotes":""},"categories":[301],"tags":[],"class_list":["post-88989","post","type-post","status-publish","format-standard","has-post-thumbnail","hentry","category-artigos-policiais"],"_links":{"self":[{"href":"https:\/\/diarioregionaldigital.com.br\/index.php?rest_route=\/wp\/v2\/posts\/88989","targetHints":{"allow":["GET"]}}],"collection":[{"href":"https:\/\/diarioregionaldigital.com.br\/index.php?rest_route=\/wp\/v2\/posts"}],"about":[{"href":"https:\/\/diarioregionaldigital.com.br\/index.php?rest_route=\/wp\/v2\/types\/post"}],"author":[{"embeddable":true,"href":"https:\/\/diarioregionaldigital.com.br\/index.php?rest_route=\/wp\/v2\/users\/96"}],"replies":[{"embeddable":true,"href":"https:\/\/diarioregionaldigital.com.br\/index.php?rest_route=%2Fwp%2Fv2%2Fcomments&post=88989"}],"version-history":[{"count":0,"href":"https:\/\/diarioregionaldigital.com.br\/index.php?rest_route=\/wp\/v2\/posts\/88989\/revisions"}],"wp:featuredmedia":[{"embeddable":true,"href":"https:\/\/diarioregionaldigital.com.br\/index.php?rest_route=\/wp\/v2\/media\/88988"}],"wp:attachment":[{"href":"https:\/\/diarioregionaldigital.com.br\/index.php?rest_route=%2Fwp%2Fv2%2Fmedia&parent=88989"}],"wp:term":[{"taxonomy":"category","embeddable":true,"href":"https:\/\/diarioregionaldigital.com.br\/index.php?rest_route=%2Fwp%2Fv2%2Fcategories&post=88989"},{"taxonomy":"post_tag","embeddable":true,"href":"https:\/\/diarioregionaldigital.com.br\/index.php?rest_route=%2Fwp%2Fv2%2Ftags&post=88989"}],"curies":[{"name":"wp","href":"https:\/\/api.w.org\/{rel}","templated":true}]}}