{"id":88987,"date":"2018-01-08T17:50:03","date_gmt":"2018-01-08T19:50:03","guid":{"rendered":"http:\/\/diarioregionaljf.com.br\/2018\/01\/08\/estudantes-da-ufjf-podem-solicitar-destrancamento-de-curso-para-primeiro-semestre-de-2018\/"},"modified":"2018-01-08T17:50:03","modified_gmt":"2018-01-08T19:50:03","slug":"estudantes-da-ufjf-podem-solicitar-destrancamento-de-curso-para-primeiro-semestre-de-2018","status":"publish","type":"post","link":"https:\/\/diarioregionaldigital.com.br\/?p=88987","title":{"rendered":"Estudantes da UFJF podem solicitar destrancamento de curso para primeiro semestre de 2018"},"content":{"rendered":"<p>Estudantes da Universidade Federal de Juiz de Fora (UFJF) que desejarem efetuar o destrancamento de curso para o primeiro per\u00edodo letivo de 2018 dever\u00e3o procurar a Central de Atendimento (CAT) da institui\u00e7\u00e3o a partir desta segunda-feira, 8. \u00c9 necess\u00e1rio apresentar uma c\u00f3pia de documento oficial com foto e o original, a fim de preencher o formul\u00e1rio fornecido pelo setor para o respectivo requerimento. A solicita\u00e7\u00e3o pode ser feita at\u00e9 o dia 19 deste m\u00eas, das 8h \u00e0s 18h.<\/p>\n<p>No caso de requerimentos por interm\u00e9dio de terceiros, \u00e9 necess\u00e1ria a apresenta\u00e7\u00e3o de procura\u00e7\u00e3o simples, acompanhada de c\u00f3pia do documento de identidade do aluno e do seu representante. Ap\u00f3s a solicita\u00e7\u00e3o de destrancamento, o estudante dever\u00e1 verificar a mudan\u00e7a do status no hist\u00f3rico, dispon\u00edvel no Sistema Integrado de Gest\u00e3o Acad\u00eamica (Siga), em at\u00e9 48 horas \u00fateis, bem como ficar atento \u00e0s datas de matr\u00edculas nas disciplinas do per\u00edodo.<\/p>\n<p>De acordo com o coordenador da Central de Atendimento, H\u00e9lder Dalamura, os requerimentos se destinam aos alunos que desejam destrancar o curso antes do final do prazo requerido. Para os demais graduandos, o destrancamento ocorre automaticamente pelo Siga, devendo os mesmos tamb\u00e9m ficar atentos ao per\u00edodo de matr\u00edculas nas disciplinas.<\/p>\n<p>Conforme disposi\u00e7\u00e3o do Regimento Acad\u00eamico, o trancamento de curso s\u00f3 pode ser requerido de forma on-line a partir do terceiro per\u00edodo letivo do aluno. Antes disso, o requerimento se caracteriza como excepcional e deve ocorrer de forma presencial, mediante a apresenta\u00e7\u00e3o de justificativa e documentos comprobat\u00f3rios. O per\u00edodo total de trancamentos n\u00e3o pode ultrapassar o limite de tr\u00eas per\u00edodos letivos regulares.<\/p>\n<p>&nbsp;<\/p>\n<p>Fonte: Assessoria<\/p>\n","protected":false},"excerpt":{"rendered":"<p>Estudantes da Universidade Federal de Juiz de Fora (UFJF) que desejarem efetuar o destrancamento de curso para o primeiro per\u00edodo letivo de 2018 dever\u00e3o procurar a Central de Atendimento (CAT) da institui\u00e7\u00e3o a partir desta segunda-feira, 8. \u00c9 necess\u00e1rio apresentar uma c\u00f3pia de documento oficial com foto e o original, a fim de preencher o [&hellip;]<\/p>\n","protected":false},"author":96,"featured_media":88986,"comment_status":"closed","ping_status":"closed","sticky":false,"template":"","format":"standard","meta":{"footnotes":""},"categories":[253],"tags":[],"class_list":["post-88987","post","type-post","status-publish","format-standard","has-post-thumbnail","hentry","category-cidade"],"_links":{"self":[{"href":"https:\/\/diarioregionaldigital.com.br\/index.php?rest_route=\/wp\/v2\/posts\/88987","targetHints":{"allow":["GET"]}}],"collection":[{"href":"https:\/\/diarioregionaldigital.com.br\/index.php?rest_route=\/wp\/v2\/posts"}],"about":[{"href":"https:\/\/diarioregionaldigital.com.br\/index.php?rest_route=\/wp\/v2\/types\/post"}],"author":[{"embeddable":true,"href":"https:\/\/diarioregionaldigital.com.br\/index.php?rest_route=\/wp\/v2\/users\/96"}],"replies":[{"embeddable":true,"href":"https:\/\/diarioregionaldigital.com.br\/index.php?rest_route=%2Fwp%2Fv2%2Fcomments&post=88987"}],"version-history":[{"count":0,"href":"https:\/\/diarioregionaldigital.com.br\/index.php?rest_route=\/wp\/v2\/posts\/88987\/revisions"}],"wp:featuredmedia":[{"embeddable":true,"href":"https:\/\/diarioregionaldigital.com.br\/index.php?rest_route=\/wp\/v2\/media\/88986"}],"wp:attachment":[{"href":"https:\/\/diarioregionaldigital.com.br\/index.php?rest_route=%2Fwp%2Fv2%2Fmedia&parent=88987"}],"wp:term":[{"taxonomy":"category","embeddable":true,"href":"https:\/\/diarioregionaldigital.com.br\/index.php?rest_route=%2Fwp%2Fv2%2Fcategories&post=88987"},{"taxonomy":"post_tag","embeddable":true,"href":"https:\/\/diarioregionaldigital.com.br\/index.php?rest_route=%2Fwp%2Fv2%2Ftags&post=88987"}],"curies":[{"name":"wp","href":"https:\/\/api.w.org\/{rel}","templated":true}]}}