{"id":88985,"date":"2018-01-08T17:42:08","date_gmt":"2018-01-08T19:42:08","guid":{"rendered":"http:\/\/diarioregionaljf.com.br\/2018\/01\/08\/censo-mineiro-de-startups-apresenta-diagnostico-do-setor-em-minas-gerais\/"},"modified":"2018-01-08T17:42:08","modified_gmt":"2018-01-08T19:42:08","slug":"censo-mineiro-de-startups-apresenta-diagnostico-do-setor-em-minas-gerais","status":"publish","type":"post","link":"https:\/\/diarioregionaldigital.com.br\/?p=88985","title":{"rendered":"Censo Mineiro de Startups apresenta diagn\u00f3stico do setor em Minas Gerais"},"content":{"rendered":"<p>O Governo de MInas Gerais, por meio da Secretaria de Desenvolvimento Econ\u00f4mico, Ci\u00eancia, Tecnologia e Ensino Superior (Sedectes) e seu programa Hub Minas Digital, concluiu, no fim do ano, o Censo Mineiro de Startups e de demais Empresas de Base Tecnol\u00f3gica (EBT). A iniciativa contou com o apoio da Universidade Federal de Vi\u00e7osa (UFV) e da Rede Mineira de Inova\u00e7\u00e3o (RMI).<\/p>\n<p>O levantamento revela dados significativos que indicam o fortalecimento e a expans\u00e3o do setor de tecnologia e inova\u00e7\u00e3o em Minas Gerais. De acordo com o estudo, o n\u00famero de startups em Minas Gerais cresceu 320% desde 2015 e 556% desde 2010. Estima-se que, atualmente, existam cerca de 1.050 startups no estado. Destas, 439 responderam ao question\u00e1rio virtual enviado pela Sedectes.<\/p>\n<p>Para o coordenador do Hub Minas Digital, Rodolfo Zhouri, as Empresas de Base Tecnol\u00f3gica, dentre elas as startups, t\u00eam se tornado importantes para o desenvolvimento da inova\u00e7\u00e3o tecnol\u00f3gica no contexto p\u00f3s-digital. Com o censo em m\u00e3os, Zhouri quer formular pol\u00edticas p\u00fablicas e a\u00e7\u00f5es para estimular a cria\u00e7\u00e3o de novas startups e o desenvolvimento das que j\u00e1 existem, oferecendo solu\u00e7\u00f5es melhores para o ambiente de neg\u00f3cios.<\/p>\n<p>\u201cEssas informa\u00e7\u00f5es poder\u00e3o ser utilizadas por aqueles que atuam junto ao ecossistema empreendedor para a promo\u00e7\u00e3o da inova\u00e7\u00e3o tecnol\u00f3gica no estado e a implementa\u00e7\u00e3o de pol\u00edticas e a\u00e7\u00f5es que permitam a consolida\u00e7\u00e3o dos empreendimentos de base tecnol\u00f3gica, cujos neg\u00f3cios figuram como um valioso mecanismo de desenvolvimento social e econ\u00f4mico de Minas Gerais\u201d, ressalta o coordenador do Hub Minas Digital.<\/p>\n<p>Dentro outros pontos, o levantamento tamb\u00e9m aponta que a Regi\u00e3o Metropolitana de Belo Horizonte (RMBH) concentra o maior n\u00famero de startups do estado (41%), seguido do Sul de Minas (17%) e Tri\u00e2ngulo Mineiro (16%). Destaca-se ainda que, em 2017, 55% das empresas pretendem faturar at\u00e9 R$500 mil e 2% pretendem faturar mais de R$5 milh\u00f5es.<\/p>\n<p>O question\u00e1rio virtual enviado \u00e0s startups foi dividido em seis se\u00e7\u00f5es e avaliou o espa\u00e7o f\u00edsico, as equipes (forma\u00e7\u00e3o, quadro de s\u00f3cios, funcion\u00e1rios e bolsistas), as principais dificuldades enfrentadas, a inova\u00e7\u00e3o tecnol\u00f3gica (desenvolvimento e comercializa\u00e7\u00e3o de produtos, propriedade intelectual e capta\u00e7\u00e3o de recursos), parcerias e indicadores financeiros.<\/p>\n<p>&nbsp;<\/p>\n<p><img loading=\"lazy\" decoding=\"async\" class=\" size-full wp-image-88984\" src=\"http:\/\/diarioregionaljf.com.br\/wp-content\/uploads\/2018\/01\/diario-int-22831-1.jpg\" alt=\"graficostartups.jpg\" width=\"452\" height=\"301\" style=\"display: block; margin-left: auto; margin-right: auto;\" srcset=\"https:\/\/diarioregionaldigital.com.br\/wp-content\/uploads\/2018\/01\/diario-int-22831-1.jpg 675w, https:\/\/diarioregionaldigital.com.br\/wp-content\/uploads\/2018\/01\/diario-int-22831-1-300x200.jpg 300w, https:\/\/diarioregionaldigital.com.br\/wp-content\/uploads\/2018\/01\/diario-int-22831-1-360x240.jpg 360w\" sizes=\"auto, (max-width: 452px) 100vw, 452px\" \/><\/p>\n<p>&nbsp;<\/p>\n<h4>HUB MINAS DIGITAL<\/h4>\n<p>O Hub Minas Digital, implantado pelo Governo de Minas Gerais por meio da Sedectes, \u00e9 um espa\u00e7o de codesign e coworking que visa oferecer infraestrutura moderna, ambiente para cursos, workshops, mentorias, \u00e1rea de conviv\u00eancia e conex\u00e3o com o ecossistema de inova\u00e7\u00e3o mineiro. Localizado no Rainha da Sucata, ic\u00f4nico pr\u00e9dio da Pra\u00e7a da Liberdade, em Belo Horizonte, O Hub Minas Digital est\u00e1 de portas abertas para os empreendedores e investidores de todo o estado.<\/p>\n<p>Informa\u00e7\u00f5es sobre como participar do Hub Minas Digital e sobre o Censo Mineiro de Startups est\u00e3o dispon\u00edveis em www.tecnologia.mg.gov.br e <a href=\"http:\/\/www.minasdigital.mg.gov.br\">www.minasdigital.mg.gov.br<\/a>.<\/p>\n<p>&nbsp;<\/p>\n<p>Fonte: Ag\u00eancia Minas<\/p>\n","protected":false},"excerpt":{"rendered":"<p>O Governo de MInas Gerais, por meio da Secretaria de Desenvolvimento Econ\u00f4mico, Ci\u00eancia, Tecnologia e Ensino Superior (Sedectes) e seu programa Hub Minas Digital, concluiu, no fim do ano, o Censo Mineiro de Startups e de demais Empresas de Base Tecnol\u00f3gica (EBT). A iniciativa contou com o apoio da Universidade Federal de Vi\u00e7osa (UFV) e [&hellip;]<\/p>\n","protected":false},"author":96,"featured_media":88983,"comment_status":"closed","ping_status":"closed","sticky":false,"template":"","format":"standard","meta":{"footnotes":""},"categories":[252],"tags":[],"class_list":["post-88985","post","type-post","status-publish","format-standard","has-post-thumbnail","hentry","category-regiao"],"_links":{"self":[{"href":"https:\/\/diarioregionaldigital.com.br\/index.php?rest_route=\/wp\/v2\/posts\/88985","targetHints":{"allow":["GET"]}}],"collection":[{"href":"https:\/\/diarioregionaldigital.com.br\/index.php?rest_route=\/wp\/v2\/posts"}],"about":[{"href":"https:\/\/diarioregionaldigital.com.br\/index.php?rest_route=\/wp\/v2\/types\/post"}],"author":[{"embeddable":true,"href":"https:\/\/diarioregionaldigital.com.br\/index.php?rest_route=\/wp\/v2\/users\/96"}],"replies":[{"embeddable":true,"href":"https:\/\/diarioregionaldigital.com.br\/index.php?rest_route=%2Fwp%2Fv2%2Fcomments&post=88985"}],"version-history":[{"count":0,"href":"https:\/\/diarioregionaldigital.com.br\/index.php?rest_route=\/wp\/v2\/posts\/88985\/revisions"}],"wp:featuredmedia":[{"embeddable":true,"href":"https:\/\/diarioregionaldigital.com.br\/index.php?rest_route=\/wp\/v2\/media\/88983"}],"wp:attachment":[{"href":"https:\/\/diarioregionaldigital.com.br\/index.php?rest_route=%2Fwp%2Fv2%2Fmedia&parent=88985"}],"wp:term":[{"taxonomy":"category","embeddable":true,"href":"https:\/\/diarioregionaldigital.com.br\/index.php?rest_route=%2Fwp%2Fv2%2Fcategories&post=88985"},{"taxonomy":"post_tag","embeddable":true,"href":"https:\/\/diarioregionaldigital.com.br\/index.php?rest_route=%2Fwp%2Fv2%2Ftags&post=88985"}],"curies":[{"name":"wp","href":"https:\/\/api.w.org\/{rel}","templated":true}]}}