{"id":88982,"date":"2018-01-08T17:25:11","date_gmt":"2018-01-08T19:25:11","guid":{"rendered":"http:\/\/diarioregionaljf.com.br\/2018\/01\/08\/fecomercio-orienta-empresarios-para-a-implantacao-do-esocial\/"},"modified":"2018-01-08T17:25:11","modified_gmt":"2018-01-08T19:25:11","slug":"fecomercio-orienta-empresarios-para-a-implantacao-do-esocial","status":"publish","type":"post","link":"https:\/\/diarioregionaldigital.com.br\/?p=88982","title":{"rendered":"Fecom\u00e9rcio orienta empres\u00e1rios para a implanta\u00e7\u00e3o do eSocial"},"content":{"rendered":"<p>O cronograma de implanta\u00e7\u00e3o do eSocial, nova ferramenta de transmiss\u00e3o das obriga\u00e7\u00f5es fiscais, trabalhistas e previdenci\u00e1rias, passa a valer, para as empresas brasileiras, a partir desta segunda-feira, 8. As grandes companhias com faturamento superior a R$78 milh\u00f5es anuais ser\u00e3o as primeiras a utiliz\u00e1-lo. Para as demais corpora\u00e7\u00f5es privadas do pa\u00eds, incluindo Microempreendedores Individuais (MEI) que possuam empregados, a ado\u00e7\u00e3o se torna obrigat\u00f3ria em 16 de julho. A mudan\u00e7a exigir\u00e1 mais controle e planejamento dos empres\u00e1rios, que precisam come\u00e7ar a se preparar desde j\u00e1.<\/p>\n<p>O coordenador jur\u00eddico da Fecom\u00e9rcio MG, Marcelo Morais, explica que o sistema eletr\u00f4nico tem por finalidade unificar o envio de informa\u00e7\u00f5es dessas tr\u00eas \u00e1reas, em todo o pa\u00eds, substituindo a entrega de formul\u00e1rios e declara\u00e7\u00f5es \u00e0 qual o empregador \u00e9 submetido atualmente. Hoje os dados s\u00e3o encaminhados, separadamente, para as bases da Caixa Econ\u00f4mica Federal, do Minist\u00e9rio do Trabalho e Emprego, da Receita Federal do Brasil e da Previd\u00eancia Social, muitas vezes, de modo redundante.<\/p>\n<p>Agora esse processo ser\u00e1 feito uma \u00fanica vez, em tempo real, para um mesmo reposit\u00f3rio, onde as entidades buscar\u00e3o as informa\u00e7\u00f5es. \u201cIsso requer adapta\u00e7\u00f5es internas, como a realiza\u00e7\u00e3o de cursos de capacita\u00e7\u00e3o de pessoal para o envio das informa\u00e7\u00f5es de forma clara e coerente. Os empregadores ainda ter\u00e3o que fazer, previamente, a qualifica\u00e7\u00e3o cadastral dos funcion\u00e1rios. Por exemplo, verificar a regularidade do CPF e o NIT\u201d, destaca.<\/p>\n<p>Em resumo, as empresas dever\u00e3o fazer um levantamento geral dos procedimentos que precisar\u00e3o ser alterados, al\u00e9m de repensar processos operacionais, a fim de atender integralmente \u00e0s novas determina\u00e7\u00f5es. \u201cO momento para diagnosticar essas necessidades \u00e9 agora, especialmente para se evitar penalidades que prejudicam o bom funcionamento da empresa\u201d, conclui.<\/p>\n<p>&nbsp;<\/p>\n<p>Fonte: Assessoria<\/p>\n","protected":false},"excerpt":{"rendered":"<p>O cronograma de implanta\u00e7\u00e3o do eSocial, nova ferramenta de transmiss\u00e3o das obriga\u00e7\u00f5es fiscais, trabalhistas e previdenci\u00e1rias, passa a valer, para as empresas brasileiras, a partir desta segunda-feira, 8. As grandes companhias com faturamento superior a R$78 milh\u00f5es anuais ser\u00e3o as primeiras a utiliz\u00e1-lo. Para as demais corpora\u00e7\u00f5es privadas do pa\u00eds, incluindo Microempreendedores Individuais (MEI) que [&hellip;]<\/p>\n","protected":false},"author":96,"featured_media":88981,"comment_status":"closed","ping_status":"closed","sticky":false,"template":"","format":"standard","meta":{"footnotes":""},"categories":[261],"tags":[],"class_list":["post-88982","post","type-post","status-publish","format-standard","has-post-thumbnail","hentry","category-economia"],"_links":{"self":[{"href":"https:\/\/diarioregionaldigital.com.br\/index.php?rest_route=\/wp\/v2\/posts\/88982","targetHints":{"allow":["GET"]}}],"collection":[{"href":"https:\/\/diarioregionaldigital.com.br\/index.php?rest_route=\/wp\/v2\/posts"}],"about":[{"href":"https:\/\/diarioregionaldigital.com.br\/index.php?rest_route=\/wp\/v2\/types\/post"}],"author":[{"embeddable":true,"href":"https:\/\/diarioregionaldigital.com.br\/index.php?rest_route=\/wp\/v2\/users\/96"}],"replies":[{"embeddable":true,"href":"https:\/\/diarioregionaldigital.com.br\/index.php?rest_route=%2Fwp%2Fv2%2Fcomments&post=88982"}],"version-history":[{"count":0,"href":"https:\/\/diarioregionaldigital.com.br\/index.php?rest_route=\/wp\/v2\/posts\/88982\/revisions"}],"wp:featuredmedia":[{"embeddable":true,"href":"https:\/\/diarioregionaldigital.com.br\/index.php?rest_route=\/wp\/v2\/media\/88981"}],"wp:attachment":[{"href":"https:\/\/diarioregionaldigital.com.br\/index.php?rest_route=%2Fwp%2Fv2%2Fmedia&parent=88982"}],"wp:term":[{"taxonomy":"category","embeddable":true,"href":"https:\/\/diarioregionaldigital.com.br\/index.php?rest_route=%2Fwp%2Fv2%2Fcategories&post=88982"},{"taxonomy":"post_tag","embeddable":true,"href":"https:\/\/diarioregionaldigital.com.br\/index.php?rest_route=%2Fwp%2Fv2%2Ftags&post=88982"}],"curies":[{"name":"wp","href":"https:\/\/api.w.org\/{rel}","templated":true}]}}