{"id":88978,"date":"2018-01-08T17:11:34","date_gmt":"2018-01-08T19:11:34","guid":{"rendered":"http:\/\/diarioregionaljf.com.br\/2018\/01\/08\/anvisa-recebe-contribuicoes-para-marco-regulatorio-de-suplementos-alimentares\/"},"modified":"2018-01-08T17:11:34","modified_gmt":"2018-01-08T19:11:34","slug":"anvisa-recebe-contribuicoes-para-marco-regulatorio-de-suplementos-alimentares","status":"publish","type":"post","link":"https:\/\/diarioregionaldigital.com.br\/?p=88978","title":{"rendered":"Anvisa recebe contribui\u00e7\u00f5es para marco regulat\u00f3rio de suplementos alimentares"},"content":{"rendered":"<p>A Ag\u00eancia Nacional de Vigil\u00e2ncia Sanit\u00e1ria (Anvisa) recebe, a partir desta segunda-feira, 8, contribui\u00e7\u00f5es para o marco regulat\u00f3rio de suplementos alimentares. De acordo com o \u00f3rg\u00e3o, a categoria de produtos, apesar de amplamente reconhecida pelo consumidor e adotada em outros pa\u00edses, n\u00e3o est\u00e1 prevista na legisla\u00e7\u00e3o sanit\u00e1ria brasileira.<\/p>\n<p>A defini\u00e7\u00e3o proposta pela ag\u00eancia considera suplementos alimentares todos os produtos de ingest\u00e3o oral, apresentados em formas farmac\u00eauticas, destinados a suplementar a alimenta\u00e7\u00e3o de indiv\u00edduos saud\u00e1veis com nutrientes, subst\u00e2ncias bioativas, enzimas ou probi\u00f3ticos, isolados ou combinados.<\/p>\n<p>A proposta regulat\u00f3ria pretende reunir na categoria produtos que atualmente se encontram disciplinados em seis categorias de alimentos, al\u00e9m de produtos enquadrados como medicamentos espec\u00edficos que possuem indica\u00e7\u00e3o de suplementa\u00e7\u00e3o.<\/p>\n<p>\u201cNo intuito de tornar as pr\u00e1ticas de mercado mais equitativas e favorecer o controle das autoridades sanit\u00e1rias, a proposta de regulamento define claramente o que pode estar contido em um suplemento, os limites m\u00ednimo e m\u00e1ximo de cada constituinte e as alega\u00e7\u00f5es que podem ser realizadas, por meio da ado\u00e7\u00e3o de listas positivas\u201d, destacou a Anvisa.<\/p>\n<p>&nbsp;<\/p>\n<h4>COMO PARTICIPAR<\/h4>\n<p>Ao todo, seis propostas de regulamento est\u00e3o dispon\u00edveis para consultas p\u00fablicas pelos pr\u00f3ximos 90 dias. Os formul\u00e1rios para envio das contribui\u00e7\u00f5es podem ser acessados por meio do endere\u00e7o http:\/\/portal.anvisa.gov.br\/consultas-publicas#\/.<\/p>\n<p>Quem precisar de orienta\u00e7\u00f5es sobre o envio de contribui\u00e7\u00f5es ou quiser conhecer o processo regulat\u00f3rio mais detalhadamente pode conferir uma p\u00e1gina dedicada ao tema publicada pela Anvisa: http:\/\/portal.anvisa.gov.br\/alimentos\/processos-regulatorios.<\/p>\n<p>Fonte: Ag\u00eancia Brasil<\/p>\n","protected":false},"excerpt":{"rendered":"<p>A Ag\u00eancia Nacional de Vigil\u00e2ncia Sanit\u00e1ria (Anvisa) recebe, a partir desta segunda-feira, 8, contribui\u00e7\u00f5es para o marco regulat\u00f3rio de suplementos alimentares. De acordo com o \u00f3rg\u00e3o, a categoria de produtos, apesar de amplamente reconhecida pelo consumidor e adotada em outros pa\u00edses, n\u00e3o est\u00e1 prevista na legisla\u00e7\u00e3o sanit\u00e1ria brasileira. A defini\u00e7\u00e3o proposta pela ag\u00eancia considera suplementos [&hellip;]<\/p>\n","protected":false},"author":96,"featured_media":88977,"comment_status":"closed","ping_status":"closed","sticky":false,"template":"","format":"standard","meta":{"footnotes":""},"categories":[302],"tags":[],"class_list":["post-88978","post","type-post","status-publish","format-standard","has-post-thumbnail","hentry","category-brasil-mundo"],"_links":{"self":[{"href":"https:\/\/diarioregionaldigital.com.br\/index.php?rest_route=\/wp\/v2\/posts\/88978","targetHints":{"allow":["GET"]}}],"collection":[{"href":"https:\/\/diarioregionaldigital.com.br\/index.php?rest_route=\/wp\/v2\/posts"}],"about":[{"href":"https:\/\/diarioregionaldigital.com.br\/index.php?rest_route=\/wp\/v2\/types\/post"}],"author":[{"embeddable":true,"href":"https:\/\/diarioregionaldigital.com.br\/index.php?rest_route=\/wp\/v2\/users\/96"}],"replies":[{"embeddable":true,"href":"https:\/\/diarioregionaldigital.com.br\/index.php?rest_route=%2Fwp%2Fv2%2Fcomments&post=88978"}],"version-history":[{"count":0,"href":"https:\/\/diarioregionaldigital.com.br\/index.php?rest_route=\/wp\/v2\/posts\/88978\/revisions"}],"wp:featuredmedia":[{"embeddable":true,"href":"https:\/\/diarioregionaldigital.com.br\/index.php?rest_route=\/wp\/v2\/media\/88977"}],"wp:attachment":[{"href":"https:\/\/diarioregionaldigital.com.br\/index.php?rest_route=%2Fwp%2Fv2%2Fmedia&parent=88978"}],"wp:term":[{"taxonomy":"category","embeddable":true,"href":"https:\/\/diarioregionaldigital.com.br\/index.php?rest_route=%2Fwp%2Fv2%2Fcategories&post=88978"},{"taxonomy":"post_tag","embeddable":true,"href":"https:\/\/diarioregionaldigital.com.br\/index.php?rest_route=%2Fwp%2Fv2%2Ftags&post=88978"}],"curies":[{"name":"wp","href":"https:\/\/api.w.org\/{rel}","templated":true}]}}