{"id":88974,"date":"2018-01-08T17:00:21","date_gmt":"2018-01-08T19:00:21","guid":{"rendered":"http:\/\/diarioregionaljf.com.br\/2018\/01\/08\/desemprego-cai-em-portugal-e-na-espanha\/"},"modified":"2018-01-08T17:00:21","modified_gmt":"2018-01-08T19:00:21","slug":"desemprego-cai-em-portugal-e-na-espanha","status":"publish","type":"post","link":"https:\/\/diarioregionaldigital.com.br\/?p=88974","title":{"rendered":"Desemprego cai em Portugal e na Espanha"},"content":{"rendered":"<p>Em Portugal, a taxa de desemprego de outubro de 2017 foi de 8,4%, a menor desde 2005, segundo revelou nessa segunda-feira, 8, o Instituto Nacional de Estat\u00edstica (INE).<\/p>\n<p>A popula\u00e7\u00e3o desempregada em outubro foi estimada em 435 mil pessoas, tendo diminu\u00eddo 1,1% em rela\u00e7\u00e3o ao m\u00eas anterior (menos 4,6 mil pessoas), enquanto a popula\u00e7\u00e3o empregada reunia 4,7 milh\u00f5es de pessoas, tendo aumentado 0,3% (mais 12,1 mil pessoas) face ao m\u00eas anterior. O pa\u00eds tem aproximadamente 10,3 milh\u00f5es de habitantes.<\/p>\n<p>A estimativa provis\u00f3ria da taxa de desemprego de novembro de 2017 foi de 8,2%. Neste m\u00eas, o n\u00famero provis\u00f3rio da popula\u00e7\u00e3o desempregada foi de 424,2 mil pessoas e a da popula\u00e7\u00e3o empregada de 4,745 milh\u00f5es de pessoas. Ainda n\u00e3o foi divulgado o valor consolidado.<\/p>\n<p>&nbsp;<\/p>\n<h4>DESEMPREGO CAI NA ESPANHA<\/h4>\n<p>Na Espanha, 2017 registrou a menor taxa de desemprego dos \u00faltimos oito anos. As informa\u00e7\u00f5es foram divulgadas pelo Minist\u00e9rio do Emprego e da Seguridade Social.<\/p>\n<p>O n\u00famero de desempregados registrados nos escrit\u00f3rios dos Servi\u00e7os P\u00fablicos de Emprego diminuiu 61.500 em dezembro em rela\u00e7\u00e3o a novembro. Nos \u00faltimos 8 anos, o desemprego acusava aumento de, em m\u00e9dia, 40 mil pessoas por m\u00eas.<\/p>\n<p>Desta forma, o n\u00famero total de desempregados registrados \u00e9 de 3,4 milh\u00f5es de pessoas e \u00e9 o mais baixo dos \u00faltimos 8 anos em um m\u00eas de dezembro.<\/p>\n<p>Fonte: Ag\u00eancia Brasil<\/p>\n","protected":false},"excerpt":{"rendered":"<p>Em Portugal, a taxa de desemprego de outubro de 2017 foi de 8,4%, a menor desde 2005, segundo revelou nessa segunda-feira, 8, o Instituto Nacional de Estat\u00edstica (INE). A popula\u00e7\u00e3o desempregada em outubro foi estimada em 435 mil pessoas, tendo diminu\u00eddo 1,1% em rela\u00e7\u00e3o ao m\u00eas anterior (menos 4,6 mil pessoas), enquanto a popula\u00e7\u00e3o empregada [&hellip;]<\/p>\n","protected":false},"author":96,"featured_media":88973,"comment_status":"closed","ping_status":"closed","sticky":false,"template":"","format":"standard","meta":{"footnotes":""},"categories":[302],"tags":[],"class_list":["post-88974","post","type-post","status-publish","format-standard","has-post-thumbnail","hentry","category-brasil-mundo"],"_links":{"self":[{"href":"https:\/\/diarioregionaldigital.com.br\/index.php?rest_route=\/wp\/v2\/posts\/88974","targetHints":{"allow":["GET"]}}],"collection":[{"href":"https:\/\/diarioregionaldigital.com.br\/index.php?rest_route=\/wp\/v2\/posts"}],"about":[{"href":"https:\/\/diarioregionaldigital.com.br\/index.php?rest_route=\/wp\/v2\/types\/post"}],"author":[{"embeddable":true,"href":"https:\/\/diarioregionaldigital.com.br\/index.php?rest_route=\/wp\/v2\/users\/96"}],"replies":[{"embeddable":true,"href":"https:\/\/diarioregionaldigital.com.br\/index.php?rest_route=%2Fwp%2Fv2%2Fcomments&post=88974"}],"version-history":[{"count":0,"href":"https:\/\/diarioregionaldigital.com.br\/index.php?rest_route=\/wp\/v2\/posts\/88974\/revisions"}],"wp:featuredmedia":[{"embeddable":true,"href":"https:\/\/diarioregionaldigital.com.br\/index.php?rest_route=\/wp\/v2\/media\/88973"}],"wp:attachment":[{"href":"https:\/\/diarioregionaldigital.com.br\/index.php?rest_route=%2Fwp%2Fv2%2Fmedia&parent=88974"}],"wp:term":[{"taxonomy":"category","embeddable":true,"href":"https:\/\/diarioregionaldigital.com.br\/index.php?rest_route=%2Fwp%2Fv2%2Fcategories&post=88974"},{"taxonomy":"post_tag","embeddable":true,"href":"https:\/\/diarioregionaldigital.com.br\/index.php?rest_route=%2Fwp%2Fv2%2Ftags&post=88974"}],"curies":[{"name":"wp","href":"https:\/\/api.w.org\/{rel}","templated":true}]}}