{"id":88970,"date":"2018-01-08T16:41:44","date_gmt":"2018-01-08T18:41:44","guid":{"rendered":"http:\/\/diarioregionaljf.com.br\/2018\/01\/08\/ministro-aloysio-nunes-diz-que-venezuela-expulsou-brasileiro\/"},"modified":"2018-01-08T16:41:44","modified_gmt":"2018-01-08T18:41:44","slug":"ministro-aloysio-nunes-diz-que-venezuela-expulsou-brasileiro","status":"publish","type":"post","link":"https:\/\/diarioregionaldigital.com.br\/?p=88970","title":{"rendered":"Ministro Aloysio Nunes diz que Venezuela expulsou brasileiro"},"content":{"rendered":"<p>O ministro das Rela\u00e7\u00f5es Exteriores, Aloysio Nunes, informou em sua conta no Twitter que o brasileiro Jonatan Diniz, detido no dia 28 de dezembro pelas for\u00e7as de seguran\u00e7a da Venezuela, no estado de Vargas, foi expulso do pa\u00eds. O comunicado do ministro n\u00e3o d\u00e1 detalhes da situa\u00e7\u00e3o de Diniz, nem se ele vem para o Brasil.<\/p>\n<p>\u201cO incidente envolvendo o brasileiro Jonatan Mois\u00e9s Diniz foi encerrado, com sua expuls\u00e3o da Venezuela\u201d, escreveu o ministro em sua conta.<\/p>\n<p>Em nota divulgada na quinta-feira, 4, o Itamaraty informou que acionou o Minist\u00e9rio das Rela\u00e7\u00f5es Exteriores da Venezuela e as autoridades policiais daquele pa\u00eds para descobrir onde Diniz estava detido, bem como sua situa\u00e7\u00e3o jur\u00eddica.<\/p>\n<p>Na sexta-feira, 5, o governo da Venezuela confirmou que o brasileiro estava preso no pa\u00eds.<\/p>\n<p>Jonatan Diniz foi detido no dia 28 de dezembro pelas for\u00e7as de seguran\u00e7a da Venezuela, no estado de Vargas. Segundo a ag\u00eancia oficial de not\u00edcias do pa\u00eds, o jovem foi acusado de manter atividades desestabilizadoras contra o regime de Nicol\u00e1s Maduro.<\/p>\n<p>O catarinense e tr\u00eas venezuelanos fariam parte da organiza\u00e7\u00e3o n\u00e3o governamental Time to Change the Earth (Tempo de Mudar a Terra, em tradu\u00e7\u00e3o livre). Para o governo, a entidade seria uma \u201corganiza\u00e7\u00e3o criminosa com tent\u00e1culos internacionais\u201d, que distribuiria alimentos e bens a moradores de rua com o objetivo de obter recursos em moeda nacional com vistas a promover a\u00e7\u00f5es contra o governo.<\/p>\n<p>Fonte: Ag\u00eancia Brasil<\/p>\n","protected":false},"excerpt":{"rendered":"<p>O ministro das Rela\u00e7\u00f5es Exteriores, Aloysio Nunes, informou em sua conta no Twitter que o brasileiro Jonatan Diniz, detido no dia 28 de dezembro pelas for\u00e7as de seguran\u00e7a da Venezuela, no estado de Vargas, foi expulso do pa\u00eds. O comunicado do ministro n\u00e3o d\u00e1 detalhes da situa\u00e7\u00e3o de Diniz, nem se ele vem para o [&hellip;]<\/p>\n","protected":false},"author":96,"featured_media":88969,"comment_status":"closed","ping_status":"closed","sticky":false,"template":"","format":"standard","meta":{"footnotes":""},"categories":[302],"tags":[],"class_list":["post-88970","post","type-post","status-publish","format-standard","has-post-thumbnail","hentry","category-brasil-mundo"],"_links":{"self":[{"href":"https:\/\/diarioregionaldigital.com.br\/index.php?rest_route=\/wp\/v2\/posts\/88970","targetHints":{"allow":["GET"]}}],"collection":[{"href":"https:\/\/diarioregionaldigital.com.br\/index.php?rest_route=\/wp\/v2\/posts"}],"about":[{"href":"https:\/\/diarioregionaldigital.com.br\/index.php?rest_route=\/wp\/v2\/types\/post"}],"author":[{"embeddable":true,"href":"https:\/\/diarioregionaldigital.com.br\/index.php?rest_route=\/wp\/v2\/users\/96"}],"replies":[{"embeddable":true,"href":"https:\/\/diarioregionaldigital.com.br\/index.php?rest_route=%2Fwp%2Fv2%2Fcomments&post=88970"}],"version-history":[{"count":0,"href":"https:\/\/diarioregionaldigital.com.br\/index.php?rest_route=\/wp\/v2\/posts\/88970\/revisions"}],"wp:featuredmedia":[{"embeddable":true,"href":"https:\/\/diarioregionaldigital.com.br\/index.php?rest_route=\/wp\/v2\/media\/88969"}],"wp:attachment":[{"href":"https:\/\/diarioregionaldigital.com.br\/index.php?rest_route=%2Fwp%2Fv2%2Fmedia&parent=88970"}],"wp:term":[{"taxonomy":"category","embeddable":true,"href":"https:\/\/diarioregionaldigital.com.br\/index.php?rest_route=%2Fwp%2Fv2%2Fcategories&post=88970"},{"taxonomy":"post_tag","embeddable":true,"href":"https:\/\/diarioregionaldigital.com.br\/index.php?rest_route=%2Fwp%2Fv2%2Ftags&post=88970"}],"curies":[{"name":"wp","href":"https:\/\/api.w.org\/{rel}","templated":true}]}}