{"id":88966,"date":"2018-01-08T14:40:44","date_gmt":"2018-01-08T16:40:44","guid":{"rendered":"http:\/\/diarioregionaljf.com.br\/2018\/01\/08\/tres-adolescentes-sao-ameacados-e-assaltados-na-avenida-itamar-franco\/"},"modified":"2018-01-08T14:40:44","modified_gmt":"2018-01-08T16:40:44","slug":"tres-adolescentes-sao-ameacados-e-assaltados-na-avenida-itamar-franco","status":"publish","type":"post","link":"https:\/\/diarioregionaldigital.com.br\/?p=88966","title":{"rendered":"Tr\u00eas adolescentes s\u00e3o amea\u00e7ados e assaltados na Avenida Itamar Franco"},"content":{"rendered":"<p>Tr\u00eas adolescentes, de 15 anos, foram assaltados no final da tarde deste domingo, 7, na Avenida Itamar Franco, na altura do bairro Dom Bosco, localizado na zona Sul.<\/p>\n<p>Segundo informa\u00e7\u00f5es da Pol\u00edcia Militar (PM), os tr\u00eas garotos passavam pela regi\u00e3o quando foram abordados por um indiv\u00edduo que simulava estar armado com uma faca.<br \/>O autor amea\u00e7ou as v\u00edtimas e roubou o celular de cada um deles.<\/p>\n<p>Durante registro da ocorr\u00eancia, a PM identificou atrav\u00e9s de um sistema de localiza\u00e7\u00e3o de um dos aparelhos celulares, um poss\u00edvel ponto onde o mesmo estaria. Os policiais se deslocaram at\u00e9 a Rua S\u00e9rgio Alvim Albuquerque, no bairro Sagrado Cora\u00e7\u00e3o de Jesus, tamb\u00e9m na zona Sul. Entretanto, ao chegarem ao local n\u00e3o foi poss\u00edvel encontrar o autor.<\/p>\n<p>As v\u00edtimas e seus respons\u00e1veis receberam as orienta\u00e7\u00f5es necess\u00e1rias.<\/p>\n","protected":false},"excerpt":{"rendered":"<p>Tr\u00eas adolescentes, de 15 anos, foram assaltados no final da tarde deste domingo, 7, na Avenida Itamar Franco, na altura do bairro Dom Bosco, localizado na zona Sul. Segundo informa\u00e7\u00f5es da Pol\u00edcia Militar (PM), os tr\u00eas garotos passavam pela regi\u00e3o quando foram abordados por um indiv\u00edduo que simulava estar armado com uma faca.O autor amea\u00e7ou [&hellip;]<\/p>\n","protected":false},"author":96,"featured_media":88965,"comment_status":"closed","ping_status":"closed","sticky":false,"template":"","format":"standard","meta":{"footnotes":""},"categories":[301],"tags":[],"class_list":["post-88966","post","type-post","status-publish","format-standard","has-post-thumbnail","hentry","category-artigos-policiais"],"_links":{"self":[{"href":"https:\/\/diarioregionaldigital.com.br\/index.php?rest_route=\/wp\/v2\/posts\/88966","targetHints":{"allow":["GET"]}}],"collection":[{"href":"https:\/\/diarioregionaldigital.com.br\/index.php?rest_route=\/wp\/v2\/posts"}],"about":[{"href":"https:\/\/diarioregionaldigital.com.br\/index.php?rest_route=\/wp\/v2\/types\/post"}],"author":[{"embeddable":true,"href":"https:\/\/diarioregionaldigital.com.br\/index.php?rest_route=\/wp\/v2\/users\/96"}],"replies":[{"embeddable":true,"href":"https:\/\/diarioregionaldigital.com.br\/index.php?rest_route=%2Fwp%2Fv2%2Fcomments&post=88966"}],"version-history":[{"count":0,"href":"https:\/\/diarioregionaldigital.com.br\/index.php?rest_route=\/wp\/v2\/posts\/88966\/revisions"}],"wp:featuredmedia":[{"embeddable":true,"href":"https:\/\/diarioregionaldigital.com.br\/index.php?rest_route=\/wp\/v2\/media\/88965"}],"wp:attachment":[{"href":"https:\/\/diarioregionaldigital.com.br\/index.php?rest_route=%2Fwp%2Fv2%2Fmedia&parent=88966"}],"wp:term":[{"taxonomy":"category","embeddable":true,"href":"https:\/\/diarioregionaldigital.com.br\/index.php?rest_route=%2Fwp%2Fv2%2Fcategories&post=88966"},{"taxonomy":"post_tag","embeddable":true,"href":"https:\/\/diarioregionaldigital.com.br\/index.php?rest_route=%2Fwp%2Fv2%2Ftags&post=88966"}],"curies":[{"name":"wp","href":"https:\/\/api.w.org\/{rel}","templated":true}]}}