{"id":88964,"date":"2018-01-08T14:03:37","date_gmt":"2018-01-08T16:03:37","guid":{"rendered":"http:\/\/diarioregionaljf.com.br\/2018\/01\/08\/tres-jovens-sao-presos-em-flagrante-ao-vender-drogas-na-praca-antonio-carlos\/"},"modified":"2018-01-08T14:03:37","modified_gmt":"2018-01-08T16:03:37","slug":"tres-jovens-sao-presos-em-flagrante-ao-vender-drogas-na-praca-antonio-carlos","status":"publish","type":"post","link":"https:\/\/diarioregionaldigital.com.br\/?p=88964","title":{"rendered":"Tr\u00eas jovens s\u00e3o presos em flagrante ao vender drogas na pra\u00e7a Ant\u00f4nio Carlos"},"content":{"rendered":"<p>Tr\u00eas jovens foram presos por tr\u00e1fico de drogas na noite deste domingo, 7, na pra\u00e7a Presidente Ant\u00f4nio Carlos, localizada na regi\u00e3o central.<\/p>\n<p>De acordo com informa\u00e7\u00f5es da Pol\u00edcia Militar (PM), ap\u00f3s den\u00fancias an\u00f4nimas de que os tr\u00eas jovens estariam comerciando drogas e as escondendo na pra\u00e7a, uma viatura se deslocou at\u00e9 o local.<br \/>Ao chegar \u00e0 pra\u00e7a, os policiais abordaram os indiv\u00edduos que demonstravam muito nervosismo. Com eles foi encontrada a quantia de R$311.<\/p>\n<p>A PM tamb\u00e9m realizou uma varredura em diversos pontos da pra\u00e7a e com o aux\u00edlio de um c\u00e3o farejador foram encontrados uma barra prensada, tabletes e diversas por\u00e7\u00f5es menores de maconha, em meio \u00e0s plantas da pra\u00e7a.<\/p>\n<p>O jovem de 22 anos assumiu a propriedade do tablete embalado em um pl\u00e1stico transparente, o jovem de 25 anos disse ser apenas usu\u00e1rio e o outro jovem, de 23 anos, n\u00e3o quis dizer nada.<br \/>De acordo com o denunciante, o jovem de 22 anos seria o respons\u00e1vel por guardar as drogas no local.<\/p>\n<p>Diante dos fatos, os tr\u00eas autores receberam voz de pris\u00e3o em flagrante e foram encaminhados juntamente com os materiais apreendidos \u00e0 presen\u00e7a da autoridade policial para as demais provid\u00eancias.<\/p>\n","protected":false},"excerpt":{"rendered":"<p>Tr\u00eas jovens foram presos por tr\u00e1fico de drogas na noite deste domingo, 7, na pra\u00e7a Presidente Ant\u00f4nio Carlos, localizada na regi\u00e3o central. De acordo com informa\u00e7\u00f5es da Pol\u00edcia Militar (PM), ap\u00f3s den\u00fancias an\u00f4nimas de que os tr\u00eas jovens estariam comerciando drogas e as escondendo na pra\u00e7a, uma viatura se deslocou at\u00e9 o local.Ao chegar \u00e0 [&hellip;]<\/p>\n","protected":false},"author":96,"featured_media":88963,"comment_status":"closed","ping_status":"closed","sticky":false,"template":"","format":"standard","meta":{"footnotes":""},"categories":[301],"tags":[],"class_list":["post-88964","post","type-post","status-publish","format-standard","has-post-thumbnail","hentry","category-artigos-policiais"],"_links":{"self":[{"href":"https:\/\/diarioregionaldigital.com.br\/index.php?rest_route=\/wp\/v2\/posts\/88964","targetHints":{"allow":["GET"]}}],"collection":[{"href":"https:\/\/diarioregionaldigital.com.br\/index.php?rest_route=\/wp\/v2\/posts"}],"about":[{"href":"https:\/\/diarioregionaldigital.com.br\/index.php?rest_route=\/wp\/v2\/types\/post"}],"author":[{"embeddable":true,"href":"https:\/\/diarioregionaldigital.com.br\/index.php?rest_route=\/wp\/v2\/users\/96"}],"replies":[{"embeddable":true,"href":"https:\/\/diarioregionaldigital.com.br\/index.php?rest_route=%2Fwp%2Fv2%2Fcomments&post=88964"}],"version-history":[{"count":0,"href":"https:\/\/diarioregionaldigital.com.br\/index.php?rest_route=\/wp\/v2\/posts\/88964\/revisions"}],"wp:featuredmedia":[{"embeddable":true,"href":"https:\/\/diarioregionaldigital.com.br\/index.php?rest_route=\/wp\/v2\/media\/88963"}],"wp:attachment":[{"href":"https:\/\/diarioregionaldigital.com.br\/index.php?rest_route=%2Fwp%2Fv2%2Fmedia&parent=88964"}],"wp:term":[{"taxonomy":"category","embeddable":true,"href":"https:\/\/diarioregionaldigital.com.br\/index.php?rest_route=%2Fwp%2Fv2%2Fcategories&post=88964"},{"taxonomy":"post_tag","embeddable":true,"href":"https:\/\/diarioregionaldigital.com.br\/index.php?rest_route=%2Fwp%2Fv2%2Ftags&post=88964"}],"curies":[{"name":"wp","href":"https:\/\/api.w.org\/{rel}","templated":true}]}}