{"id":88962,"date":"2018-01-08T13:04:44","date_gmt":"2018-01-08T15:04:44","guid":{"rendered":"http:\/\/diarioregionaljf.com.br\/2018\/01\/08\/secretaria-de-saude-divulga-acoes-apos-macaco-ser-encontrado-morto-no-vitorino\/"},"modified":"2018-01-08T13:04:44","modified_gmt":"2018-01-08T15:04:44","slug":"secretaria-de-saude-divulga-acoes-apos-macaco-ser-encontrado-morto-no-vitorino","status":"publish","type":"post","link":"https:\/\/diarioregionaldigital.com.br\/?p=88962","title":{"rendered":"Secretaria de Sa\u00fade divulga a\u00e7\u00f5es ap\u00f3s macaco ser encontrado morto no Vitorino"},"content":{"rendered":"<p>Um macaco foi encontrado em avan\u00e7ado estado de decomposi\u00e7\u00e3o no \u00faltimo s\u00e1bado, 6, no bairro Vitorino Braga, localizado na zona Leste. Este \u00e9 o segundo primata encontrado morto em Juiz de Fora neste in\u00edcio de ano.<\/p>\n<p>Assim que foi informada, a Secretaria de Sa\u00fade enviou equipe ao local e recolheu o animal, que se encontrava em avan\u00e7ado estado de decomposi\u00e7\u00e3o. Por este motivo, n\u00e3o foi poss\u00edvel a retirada de amostra para an\u00e1lise das causas da morte, sendo o animal descartado no aterro sanit\u00e1rio, conforme as regras sanit\u00e1rias.<\/p>\n<p>Independentemente disto, a Secretaria de Sa\u00fade informou que adotar\u00e1 todos os procedimentos recomendados pelo Minist\u00e9rio da Sa\u00fade em casos como este, como a intensifica\u00e7\u00e3o da vacina\u00e7\u00e3o em uma \u00e1rea de 1 km da regi\u00e3o e com a aplica\u00e7\u00e3o de inseticida atrav\u00e9s de UBV no raio de 150 metros do local. As a\u00e7\u00f5es devem come\u00e7ar nesta ter\u00e7a-feira, 9.<\/p>\n<p>A secretaria recomenda que os moradores da regi\u00e3o que ainda n\u00e3o foram vacinados devem procurar a Unidade B\u00e1sica de Sa\u00fade mais pr\u00f3xima de sua casa, pois todas est\u00e3o abastecidas com a vacina.<\/p>\n<p>A secretaria refor\u00e7a que quase 90% do p\u00fablico alvo da vacina\u00e7\u00e3o (a partir dos 9 meses e at\u00e9 59 anos de idade) j\u00e1 est\u00e3o imunizados desde a \u00faltima campanha e que uma \u00fanica dose da vacina j\u00e1 garante a prote\u00e7\u00e3o para toda vida.<\/p>\n<p>Lembrando que nesta semana, 4 postos extras de vacina\u00e7\u00e3o est\u00e3o dispon\u00edveis para a popula\u00e7\u00e3o, conforme informa\u00e7\u00f5es no <a href=\"https:\/\/www.pjf.mg.gov.br\/noticias\/view.php?modo=link2&amp;idnoticia2=59572\">link<\/a>.<\/p>\n<p>O primeiro macaco morto em 2018 foi encontrado nas depend\u00eancias do Parque do Museu Mariano Proc\u00f3pio na quarta-feira, 3. A Prefeitura de Juiz de Fora interditou o local e tomou as demais provid\u00eancias necess\u00e1rias.<\/p>\n","protected":false},"excerpt":{"rendered":"<p>Um macaco foi encontrado em avan\u00e7ado estado de decomposi\u00e7\u00e3o no \u00faltimo s\u00e1bado, 6, no bairro Vitorino Braga, localizado na zona Leste. Este \u00e9 o segundo primata encontrado morto em Juiz de Fora neste in\u00edcio de ano. Assim que foi informada, a Secretaria de Sa\u00fade enviou equipe ao local e recolheu o animal, que se encontrava [&hellip;]<\/p>\n","protected":false},"author":96,"featured_media":88961,"comment_status":"closed","ping_status":"closed","sticky":false,"template":"","format":"standard","meta":{"footnotes":""},"categories":[253],"tags":[],"class_list":["post-88962","post","type-post","status-publish","format-standard","has-post-thumbnail","hentry","category-cidade"],"_links":{"self":[{"href":"https:\/\/diarioregionaldigital.com.br\/index.php?rest_route=\/wp\/v2\/posts\/88962","targetHints":{"allow":["GET"]}}],"collection":[{"href":"https:\/\/diarioregionaldigital.com.br\/index.php?rest_route=\/wp\/v2\/posts"}],"about":[{"href":"https:\/\/diarioregionaldigital.com.br\/index.php?rest_route=\/wp\/v2\/types\/post"}],"author":[{"embeddable":true,"href":"https:\/\/diarioregionaldigital.com.br\/index.php?rest_route=\/wp\/v2\/users\/96"}],"replies":[{"embeddable":true,"href":"https:\/\/diarioregionaldigital.com.br\/index.php?rest_route=%2Fwp%2Fv2%2Fcomments&post=88962"}],"version-history":[{"count":0,"href":"https:\/\/diarioregionaldigital.com.br\/index.php?rest_route=\/wp\/v2\/posts\/88962\/revisions"}],"wp:featuredmedia":[{"embeddable":true,"href":"https:\/\/diarioregionaldigital.com.br\/index.php?rest_route=\/wp\/v2\/media\/88961"}],"wp:attachment":[{"href":"https:\/\/diarioregionaldigital.com.br\/index.php?rest_route=%2Fwp%2Fv2%2Fmedia&parent=88962"}],"wp:term":[{"taxonomy":"category","embeddable":true,"href":"https:\/\/diarioregionaldigital.com.br\/index.php?rest_route=%2Fwp%2Fv2%2Fcategories&post=88962"},{"taxonomy":"post_tag","embeddable":true,"href":"https:\/\/diarioregionaldigital.com.br\/index.php?rest_route=%2Fwp%2Fv2%2Ftags&post=88962"}],"curies":[{"name":"wp","href":"https:\/\/api.w.org\/{rel}","templated":true}]}}