{"id":88960,"date":"2018-01-08T12:20:08","date_gmt":"2018-01-08T14:20:08","guid":{"rendered":"http:\/\/diarioregionaljf.com.br\/2018\/01\/08\/duas-mulheres-sao-assaltadas-na-avenida-dos-andradas\/"},"modified":"2018-01-08T12:20:08","modified_gmt":"2018-01-08T14:20:08","slug":"duas-mulheres-sao-assaltadas-na-avenida-dos-andradas","status":"publish","type":"post","link":"https:\/\/diarioregionaldigital.com.br\/?p=88960","title":{"rendered":"Duas mulheres s\u00e3o assaltadas na Avenida dos Andradas"},"content":{"rendered":"<p>Duas mulheres foram assaltadas no in\u00edcio da manh\u00e3 desta segunda-feira, 8, na Avenida dos Andradas, altura do Morro da Gl\u00f3ria, regi\u00e3o central.<\/p>\n<p>Segundo informa\u00e7\u00f5es da Pol\u00edcia Militar (PM), as v\u00edtimas, de 27 e 35 anos, relataram que ao acessar um beco pr\u00f3ximo a uma galeria da regi\u00e3o, foram abordadas por um indiv\u00edduo que simulava estar armado.<\/p>\n<p>O autor aproximou-se das v\u00edtimas, com uma das m\u00e3os sob a blusa, simulando estar com uma arma de fogo. Ele amea\u00e7ou as duas mulheres e roubou uma bolsa contendo uma marmita de comida e carteiras com documentos pessoais.<\/p>\n<p>Ap\u00f3s o crime o assaltante fugiu em dire\u00e7\u00e3o a Rua Bar\u00e3o de Cataguases.<\/p>\n<p>A PM realizou buscas, mas o autor n\u00e3o foi encontrado.<\/p>\n","protected":false},"excerpt":{"rendered":"<p>Duas mulheres foram assaltadas no in\u00edcio da manh\u00e3 desta segunda-feira, 8, na Avenida dos Andradas, altura do Morro da Gl\u00f3ria, regi\u00e3o central. Segundo informa\u00e7\u00f5es da Pol\u00edcia Militar (PM), as v\u00edtimas, de 27 e 35 anos, relataram que ao acessar um beco pr\u00f3ximo a uma galeria da regi\u00e3o, foram abordadas por um indiv\u00edduo que simulava estar [&hellip;]<\/p>\n","protected":false},"author":96,"featured_media":88959,"comment_status":"closed","ping_status":"closed","sticky":false,"template":"","format":"standard","meta":{"footnotes":""},"categories":[301],"tags":[],"class_list":["post-88960","post","type-post","status-publish","format-standard","has-post-thumbnail","hentry","category-artigos-policiais"],"_links":{"self":[{"href":"https:\/\/diarioregionaldigital.com.br\/index.php?rest_route=\/wp\/v2\/posts\/88960","targetHints":{"allow":["GET"]}}],"collection":[{"href":"https:\/\/diarioregionaldigital.com.br\/index.php?rest_route=\/wp\/v2\/posts"}],"about":[{"href":"https:\/\/diarioregionaldigital.com.br\/index.php?rest_route=\/wp\/v2\/types\/post"}],"author":[{"embeddable":true,"href":"https:\/\/diarioregionaldigital.com.br\/index.php?rest_route=\/wp\/v2\/users\/96"}],"replies":[{"embeddable":true,"href":"https:\/\/diarioregionaldigital.com.br\/index.php?rest_route=%2Fwp%2Fv2%2Fcomments&post=88960"}],"version-history":[{"count":0,"href":"https:\/\/diarioregionaldigital.com.br\/index.php?rest_route=\/wp\/v2\/posts\/88960\/revisions"}],"wp:featuredmedia":[{"embeddable":true,"href":"https:\/\/diarioregionaldigital.com.br\/index.php?rest_route=\/wp\/v2\/media\/88959"}],"wp:attachment":[{"href":"https:\/\/diarioregionaldigital.com.br\/index.php?rest_route=%2Fwp%2Fv2%2Fmedia&parent=88960"}],"wp:term":[{"taxonomy":"category","embeddable":true,"href":"https:\/\/diarioregionaldigital.com.br\/index.php?rest_route=%2Fwp%2Fv2%2Fcategories&post=88960"},{"taxonomy":"post_tag","embeddable":true,"href":"https:\/\/diarioregionaldigital.com.br\/index.php?rest_route=%2Fwp%2Fv2%2Ftags&post=88960"}],"curies":[{"name":"wp","href":"https:\/\/api.w.org\/{rel}","templated":true}]}}