{"id":88958,"date":"2018-01-08T12:03:49","date_gmt":"2018-01-08T14:03:49","guid":{"rendered":"http:\/\/diarioregionaljf.com.br\/2018\/01\/08\/casal-e-assaltado-na-porta-de-casa-apos-chegarem-do-trabalho\/"},"modified":"2018-01-08T12:03:49","modified_gmt":"2018-01-08T14:03:49","slug":"casal-e-assaltado-na-porta-de-casa-apos-chegarem-do-trabalho","status":"publish","type":"post","link":"https:\/\/diarioregionaldigital.com.br\/?p=88958","title":{"rendered":"Casal \u00e9 assaltado na porta de casa ap\u00f3s chegarem do trabalho"},"content":{"rendered":"<p>Um casal foi assaltado no in\u00edcio da madrugada desta segunda-feira, 8, ao chegarem a sua resid\u00eancia no bairro Manoel Hon\u00f3rio, localizado na zona Leste.<\/p>\n<p>De acordo com o registro de ocorr\u00eancias da Pol\u00edcia Militar (PM), o casal, formado por um homem de 35 anos e uma mulher de 36, chegava em casa, localizada na Avenida Governador Valadares, ap\u00f3s encerrarem as atividades na pizzaria a qual s\u00e3o propriet\u00e1rios. Nesse momento, dois indiv\u00edduos, aparentando serem menores de idade, abordaram o casal anunciando o assalto.<\/p>\n<p>A dupla estava com armas de fogo e roubaram do casal carteira com documentos pessoais, cart\u00f5es banc\u00e1rios, aparelhos celular, chaves do carro e loja, al\u00e9m da quantia de R$ 800.<\/p>\n<p>Ap\u00f3s o assalto, os autores fugiram em dire\u00e7\u00e3o ao bairro Nossa Senhora aparecida, tamb\u00e9m na zona Leste.<\/p>\n<p>A PM realizou buscas pela regi\u00e3o, mas os indiv\u00edduos n\u00e3o foram localizados.<\/p>\n","protected":false},"excerpt":{"rendered":"<p>Um casal foi assaltado no in\u00edcio da madrugada desta segunda-feira, 8, ao chegarem a sua resid\u00eancia no bairro Manoel Hon\u00f3rio, localizado na zona Leste. De acordo com o registro de ocorr\u00eancias da Pol\u00edcia Militar (PM), o casal, formado por um homem de 35 anos e uma mulher de 36, chegava em casa, localizada na Avenida [&hellip;]<\/p>\n","protected":false},"author":96,"featured_media":88957,"comment_status":"closed","ping_status":"closed","sticky":false,"template":"","format":"standard","meta":{"footnotes":""},"categories":[301],"tags":[],"class_list":["post-88958","post","type-post","status-publish","format-standard","has-post-thumbnail","hentry","category-artigos-policiais"],"_links":{"self":[{"href":"https:\/\/diarioregionaldigital.com.br\/index.php?rest_route=\/wp\/v2\/posts\/88958","targetHints":{"allow":["GET"]}}],"collection":[{"href":"https:\/\/diarioregionaldigital.com.br\/index.php?rest_route=\/wp\/v2\/posts"}],"about":[{"href":"https:\/\/diarioregionaldigital.com.br\/index.php?rest_route=\/wp\/v2\/types\/post"}],"author":[{"embeddable":true,"href":"https:\/\/diarioregionaldigital.com.br\/index.php?rest_route=\/wp\/v2\/users\/96"}],"replies":[{"embeddable":true,"href":"https:\/\/diarioregionaldigital.com.br\/index.php?rest_route=%2Fwp%2Fv2%2Fcomments&post=88958"}],"version-history":[{"count":0,"href":"https:\/\/diarioregionaldigital.com.br\/index.php?rest_route=\/wp\/v2\/posts\/88958\/revisions"}],"wp:featuredmedia":[{"embeddable":true,"href":"https:\/\/diarioregionaldigital.com.br\/index.php?rest_route=\/wp\/v2\/media\/88957"}],"wp:attachment":[{"href":"https:\/\/diarioregionaldigital.com.br\/index.php?rest_route=%2Fwp%2Fv2%2Fmedia&parent=88958"}],"wp:term":[{"taxonomy":"category","embeddable":true,"href":"https:\/\/diarioregionaldigital.com.br\/index.php?rest_route=%2Fwp%2Fv2%2Fcategories&post=88958"},{"taxonomy":"post_tag","embeddable":true,"href":"https:\/\/diarioregionaldigital.com.br\/index.php?rest_route=%2Fwp%2Fv2%2Ftags&post=88958"}],"curies":[{"name":"wp","href":"https:\/\/api.w.org\/{rel}","templated":true}]}}