{"id":88956,"date":"2018-01-08T11:37:14","date_gmt":"2018-01-08T13:37:14","guid":{"rendered":"http:\/\/diarioregionaljf.com.br\/2018\/01\/08\/pjf-divulga-boletim-sobre-chuvas-e-ocorrencias-na-cidade\/"},"modified":"2018-01-08T11:37:14","modified_gmt":"2018-01-08T13:37:14","slug":"pjf-divulga-boletim-sobre-chuvas-e-ocorrencias-na-cidade","status":"publish","type":"post","link":"https:\/\/diarioregionaldigital.com.br\/?p=88956","title":{"rendered":"PJF divulga boletim sobre chuvas e ocorr\u00eancias na cidade"},"content":{"rendered":"<p>A Prefeitura Municipal de Juiz de Fora divulgou na manh\u00e3 desta segunda-feira, 8, o boletim sobre chuvas e ocorr\u00eancias em Juiz de Fora nas \u00faltimas 72 horas.<\/p>\n<p>Os pluvi\u00f4metros da Defesa Civil registraram m\u00e9dia de 24,24mm de chuva. Os maiores \u00edndices pluviom\u00e9tricos foram na Represa, 72,64mm; Passos Del Rey, 58,64mm; e Nova Era, 49,06mm.<\/p>\n<p>Apenas uma ocorr\u00eancia foi registrada. Trata-se de desabamento de muro de divisa na Rua Jandira Limp Pinheiro, no bairro Ipiranga, regi\u00e3o sul, sem gravidade. Uma equipe da Defesa Civil vai ao local na manh\u00e3 desta segunda para avaliar a situa\u00e7\u00e3o.<\/p>\n<p>Fonte: Assessoria \/ PJF<\/p>\n","protected":false},"excerpt":{"rendered":"<p>A Prefeitura Municipal de Juiz de Fora divulgou na manh\u00e3 desta segunda-feira, 8, o boletim sobre chuvas e ocorr\u00eancias em Juiz de Fora nas \u00faltimas 72 horas. Os pluvi\u00f4metros da Defesa Civil registraram m\u00e9dia de 24,24mm de chuva. Os maiores \u00edndices pluviom\u00e9tricos foram na Represa, 72,64mm; Passos Del Rey, 58,64mm; e Nova Era, 49,06mm. Apenas [&hellip;]<\/p>\n","protected":false},"author":96,"featured_media":88955,"comment_status":"closed","ping_status":"closed","sticky":false,"template":"","format":"standard","meta":{"footnotes":""},"categories":[253],"tags":[],"class_list":["post-88956","post","type-post","status-publish","format-standard","has-post-thumbnail","hentry","category-cidade"],"_links":{"self":[{"href":"https:\/\/diarioregionaldigital.com.br\/index.php?rest_route=\/wp\/v2\/posts\/88956","targetHints":{"allow":["GET"]}}],"collection":[{"href":"https:\/\/diarioregionaldigital.com.br\/index.php?rest_route=\/wp\/v2\/posts"}],"about":[{"href":"https:\/\/diarioregionaldigital.com.br\/index.php?rest_route=\/wp\/v2\/types\/post"}],"author":[{"embeddable":true,"href":"https:\/\/diarioregionaldigital.com.br\/index.php?rest_route=\/wp\/v2\/users\/96"}],"replies":[{"embeddable":true,"href":"https:\/\/diarioregionaldigital.com.br\/index.php?rest_route=%2Fwp%2Fv2%2Fcomments&post=88956"}],"version-history":[{"count":0,"href":"https:\/\/diarioregionaldigital.com.br\/index.php?rest_route=\/wp\/v2\/posts\/88956\/revisions"}],"wp:featuredmedia":[{"embeddable":true,"href":"https:\/\/diarioregionaldigital.com.br\/index.php?rest_route=\/wp\/v2\/media\/88955"}],"wp:attachment":[{"href":"https:\/\/diarioregionaldigital.com.br\/index.php?rest_route=%2Fwp%2Fv2%2Fmedia&parent=88956"}],"wp:term":[{"taxonomy":"category","embeddable":true,"href":"https:\/\/diarioregionaldigital.com.br\/index.php?rest_route=%2Fwp%2Fv2%2Fcategories&post=88956"},{"taxonomy":"post_tag","embeddable":true,"href":"https:\/\/diarioregionaldigital.com.br\/index.php?rest_route=%2Fwp%2Fv2%2Ftags&post=88956"}],"curies":[{"name":"wp","href":"https:\/\/api.w.org\/{rel}","templated":true}]}}