{"id":88954,"date":"2018-01-08T11:26:56","date_gmt":"2018-01-08T13:26:56","guid":{"rendered":"http:\/\/diarioregionaljf.com.br\/2018\/01\/08\/dupla-de-passageiros-assalta-onibus-que-vinha-de-sao-joao-nepomuceno-para-juiz-de-fora\/"},"modified":"2018-01-08T11:26:56","modified_gmt":"2018-01-08T13:26:56","slug":"dupla-de-passageiros-assalta-onibus-que-vinha-de-sao-joao-nepomuceno-para-juiz-de-fora","status":"publish","type":"post","link":"https:\/\/diarioregionaldigital.com.br\/?p=88954","title":{"rendered":"Dupla de passageiros assalta \u00f4nibus que vinha de S\u00e3o Jo\u00e3o Nepomuceno para Juiz de Fora"},"content":{"rendered":"<p>Um \u00f4nibus que saiu da cidade de S\u00e3o Jo\u00e3o Nepomuceno na noite deste domingo, 7, foi assaltado por dois passageiros ao passar pela Avenida Francisco Valadares, no bairro Vila Ideal, zona Sudeste. A ocorr\u00eancia foi registrada por volta das 5h30 da madrugada desta segunda-feira, 8.<\/p>\n<p>De acordo com informa\u00e7\u00f5es da Pol\u00edcia Militar (PM), duas v\u00edtimas do assalto, uma mulher de 31 anos e um homem de 37 anos, relataram que os dois autores do assalto levantaram se e aproximaram anunciando o assalto.<\/p>\n<p>A dupla, formada por um homem e uma mulher, realizou amea\u00e7as contra as v\u00edtimas, exibindo uma arma de fogo. Eles roubaram os celulares das v\u00edtimas e objetos de outros passageiros tamb\u00e9m. Ap\u00f3s o crime sa\u00edram do ve\u00edculo e fugiram.<\/p>\n<p>Os autores n\u00e3o foram localizados. As v\u00edtimas receberam as orienta\u00e7\u00f5es necess\u00e1rias.<\/p>\n","protected":false},"excerpt":{"rendered":"<p>Um \u00f4nibus que saiu da cidade de S\u00e3o Jo\u00e3o Nepomuceno na noite deste domingo, 7, foi assaltado por dois passageiros ao passar pela Avenida Francisco Valadares, no bairro Vila Ideal, zona Sudeste. A ocorr\u00eancia foi registrada por volta das 5h30 da madrugada desta segunda-feira, 8. De acordo com informa\u00e7\u00f5es da Pol\u00edcia Militar (PM), duas v\u00edtimas [&hellip;]<\/p>\n","protected":false},"author":96,"featured_media":88953,"comment_status":"closed","ping_status":"closed","sticky":false,"template":"","format":"standard","meta":{"footnotes":""},"categories":[301],"tags":[],"class_list":["post-88954","post","type-post","status-publish","format-standard","has-post-thumbnail","hentry","category-artigos-policiais"],"_links":{"self":[{"href":"https:\/\/diarioregionaldigital.com.br\/index.php?rest_route=\/wp\/v2\/posts\/88954","targetHints":{"allow":["GET"]}}],"collection":[{"href":"https:\/\/diarioregionaldigital.com.br\/index.php?rest_route=\/wp\/v2\/posts"}],"about":[{"href":"https:\/\/diarioregionaldigital.com.br\/index.php?rest_route=\/wp\/v2\/types\/post"}],"author":[{"embeddable":true,"href":"https:\/\/diarioregionaldigital.com.br\/index.php?rest_route=\/wp\/v2\/users\/96"}],"replies":[{"embeddable":true,"href":"https:\/\/diarioregionaldigital.com.br\/index.php?rest_route=%2Fwp%2Fv2%2Fcomments&post=88954"}],"version-history":[{"count":0,"href":"https:\/\/diarioregionaldigital.com.br\/index.php?rest_route=\/wp\/v2\/posts\/88954\/revisions"}],"wp:featuredmedia":[{"embeddable":true,"href":"https:\/\/diarioregionaldigital.com.br\/index.php?rest_route=\/wp\/v2\/media\/88953"}],"wp:attachment":[{"href":"https:\/\/diarioregionaldigital.com.br\/index.php?rest_route=%2Fwp%2Fv2%2Fmedia&parent=88954"}],"wp:term":[{"taxonomy":"category","embeddable":true,"href":"https:\/\/diarioregionaldigital.com.br\/index.php?rest_route=%2Fwp%2Fv2%2Fcategories&post=88954"},{"taxonomy":"post_tag","embeddable":true,"href":"https:\/\/diarioregionaldigital.com.br\/index.php?rest_route=%2Fwp%2Fv2%2Ftags&post=88954"}],"curies":[{"name":"wp","href":"https:\/\/api.w.org\/{rel}","templated":true}]}}