{"id":88949,"date":"2018-01-06T16:01:07","date_gmt":"2018-01-06T18:01:07","guid":{"rendered":"http:\/\/diarioregionaljf.com.br\/2018\/01\/06\/homem-e-assaltado-por-dupla-armada-no-bairro-jardim-esperanca\/"},"modified":"2018-01-06T16:01:07","modified_gmt":"2018-01-06T18:01:07","slug":"homem-e-assaltado-por-dupla-armada-no-bairro-jardim-esperanca","status":"publish","type":"post","link":"https:\/\/diarioregionaldigital.com.br\/?p=88949","title":{"rendered":"Homem \u00e9 assaltado por dupla armada no bairro Jardim Esperan\u00e7a"},"content":{"rendered":"<p>Um homem de 31 anos foi v\u00edtima de assalto nesta sexta-feira, 5, no bairro Jardim Esperan\u00e7a, localizado na zona Sudeste.<\/p>\n<p>Segundo a Pol\u00edcia Militar (PM), o homem passava pela Rua Padre Ac\u00e1cio Duarte, quando foi abordado por dois indiv\u00edduos que anunciaram o assalto.<\/p>\n<p>Os dois autores, um deles com uma arma calibre 32, fizeram diversas amea\u00e7as ao homem e de forma violenta pegaram o celular e R$308 do mesmo.<\/p>\n<p>Ap\u00f3s o crime, a dupla fugiu em rumo ignorado.&nbsp;A PM n\u00e3o localizou os assaltantes.<\/p>\n<p>A v\u00edtima recebeu orienta\u00e7\u00f5es necess\u00e1rias.<\/p>\n","protected":false},"excerpt":{"rendered":"<p>Um homem de 31 anos foi v\u00edtima de assalto nesta sexta-feira, 5, no bairro Jardim Esperan\u00e7a, localizado na zona Sudeste. Segundo a Pol\u00edcia Militar (PM), o homem passava pela Rua Padre Ac\u00e1cio Duarte, quando foi abordado por dois indiv\u00edduos que anunciaram o assalto. Os dois autores, um deles com uma arma calibre 32, fizeram diversas [&hellip;]<\/p>\n","protected":false},"author":96,"featured_media":88948,"comment_status":"closed","ping_status":"closed","sticky":false,"template":"","format":"standard","meta":{"footnotes":""},"categories":[301],"tags":[],"class_list":["post-88949","post","type-post","status-publish","format-standard","has-post-thumbnail","hentry","category-artigos-policiais"],"_links":{"self":[{"href":"https:\/\/diarioregionaldigital.com.br\/index.php?rest_route=\/wp\/v2\/posts\/88949","targetHints":{"allow":["GET"]}}],"collection":[{"href":"https:\/\/diarioregionaldigital.com.br\/index.php?rest_route=\/wp\/v2\/posts"}],"about":[{"href":"https:\/\/diarioregionaldigital.com.br\/index.php?rest_route=\/wp\/v2\/types\/post"}],"author":[{"embeddable":true,"href":"https:\/\/diarioregionaldigital.com.br\/index.php?rest_route=\/wp\/v2\/users\/96"}],"replies":[{"embeddable":true,"href":"https:\/\/diarioregionaldigital.com.br\/index.php?rest_route=%2Fwp%2Fv2%2Fcomments&post=88949"}],"version-history":[{"count":0,"href":"https:\/\/diarioregionaldigital.com.br\/index.php?rest_route=\/wp\/v2\/posts\/88949\/revisions"}],"wp:featuredmedia":[{"embeddable":true,"href":"https:\/\/diarioregionaldigital.com.br\/index.php?rest_route=\/wp\/v2\/media\/88948"}],"wp:attachment":[{"href":"https:\/\/diarioregionaldigital.com.br\/index.php?rest_route=%2Fwp%2Fv2%2Fmedia&parent=88949"}],"wp:term":[{"taxonomy":"category","embeddable":true,"href":"https:\/\/diarioregionaldigital.com.br\/index.php?rest_route=%2Fwp%2Fv2%2Fcategories&post=88949"},{"taxonomy":"post_tag","embeddable":true,"href":"https:\/\/diarioregionaldigital.com.br\/index.php?rest_route=%2Fwp%2Fv2%2Ftags&post=88949"}],"curies":[{"name":"wp","href":"https:\/\/api.w.org\/{rel}","templated":true}]}}