{"id":88947,"date":"2018-01-06T15:48:19","date_gmt":"2018-01-06T17:48:19","guid":{"rendered":"http:\/\/diarioregionaljf.com.br\/2018\/01\/06\/cesama-realiza-travessia-da-rede-de-agua-da-rua-santo-antonio-no-domingo\/"},"modified":"2018-01-06T15:48:19","modified_gmt":"2018-01-06T17:48:19","slug":"cesama-realiza-travessia-da-rede-de-agua-da-rua-santo-antonio-no-domingo","status":"publish","type":"post","link":"https:\/\/diarioregionaldigital.com.br\/?p=88947","title":{"rendered":"Cesama realiza travessia da rede de \u00e1gua da Rua Santo Ant\u00f4nio no domingo"},"content":{"rendered":"<p>Neste domingo, 7, a Companhia de Saneamento Municipal (Cesama) executar\u00e1 a travessia da nova rede de \u00e1gua da Rua Santo Ant\u00f4nio, no cruzamento com a Rua Benjamin Constant, no Centro. A a\u00e7\u00e3o faz parte de um projeto de remodela\u00e7\u00e3o do sistema de abastecimento da \u00e1rea central da cidade, para modernizar e melhorar o fornecimento de \u00e1gua local.<\/p>\n<p>Para a execu\u00e7\u00e3o dos servi\u00e7os, ser\u00e1 preciso interditar parcialmente o tr\u00e2nsito da Rua Santo Ant\u00f4nio, Benjamin Constant e Bar\u00e3o de Cataguases. Al\u00e9m disso, o fornecimento de \u00e1gua local ser\u00e1 interrompido das 8 \u00e0s 17 horas. A previs\u00e3o \u00e9 de que a interven\u00e7\u00e3o seja conclu\u00edda no mesmo dia.<\/p>\n<p>A remodela\u00e7\u00e3o das redes da cidade \u00e9 realizada durante todo o ano, seguindo programa\u00e7\u00e3o de prioridades, quando s\u00e3o avaliadas a necessidade de troca e se a dimens\u00e3o da tubula\u00e7\u00e3o \u00e9 compat\u00edvel com o n\u00famero de im\u00f3veis atendidos. Al\u00e9m disso, s\u00e3o considerados antiguidade, desgaste do material e reincid\u00eancia dos servi\u00e7os de manuten\u00e7\u00e3o no trecho.<\/p>\n<p>Fonte: Assessoria \/ PJF<\/p>\n","protected":false},"excerpt":{"rendered":"<p>Neste domingo, 7, a Companhia de Saneamento Municipal (Cesama) executar\u00e1 a travessia da nova rede de \u00e1gua da Rua Santo Ant\u00f4nio, no cruzamento com a Rua Benjamin Constant, no Centro. A a\u00e7\u00e3o faz parte de um projeto de remodela\u00e7\u00e3o do sistema de abastecimento da \u00e1rea central da cidade, para modernizar e melhorar o fornecimento de [&hellip;]<\/p>\n","protected":false},"author":96,"featured_media":88946,"comment_status":"closed","ping_status":"closed","sticky":false,"template":"","format":"standard","meta":{"footnotes":""},"categories":[253],"tags":[],"class_list":["post-88947","post","type-post","status-publish","format-standard","has-post-thumbnail","hentry","category-cidade"],"_links":{"self":[{"href":"https:\/\/diarioregionaldigital.com.br\/index.php?rest_route=\/wp\/v2\/posts\/88947","targetHints":{"allow":["GET"]}}],"collection":[{"href":"https:\/\/diarioregionaldigital.com.br\/index.php?rest_route=\/wp\/v2\/posts"}],"about":[{"href":"https:\/\/diarioregionaldigital.com.br\/index.php?rest_route=\/wp\/v2\/types\/post"}],"author":[{"embeddable":true,"href":"https:\/\/diarioregionaldigital.com.br\/index.php?rest_route=\/wp\/v2\/users\/96"}],"replies":[{"embeddable":true,"href":"https:\/\/diarioregionaldigital.com.br\/index.php?rest_route=%2Fwp%2Fv2%2Fcomments&post=88947"}],"version-history":[{"count":0,"href":"https:\/\/diarioregionaldigital.com.br\/index.php?rest_route=\/wp\/v2\/posts\/88947\/revisions"}],"wp:featuredmedia":[{"embeddable":true,"href":"https:\/\/diarioregionaldigital.com.br\/index.php?rest_route=\/wp\/v2\/media\/88946"}],"wp:attachment":[{"href":"https:\/\/diarioregionaldigital.com.br\/index.php?rest_route=%2Fwp%2Fv2%2Fmedia&parent=88947"}],"wp:term":[{"taxonomy":"category","embeddable":true,"href":"https:\/\/diarioregionaldigital.com.br\/index.php?rest_route=%2Fwp%2Fv2%2Fcategories&post=88947"},{"taxonomy":"post_tag","embeddable":true,"href":"https:\/\/diarioregionaldigital.com.br\/index.php?rest_route=%2Fwp%2Fv2%2Ftags&post=88947"}],"curies":[{"name":"wp","href":"https:\/\/api.w.org\/{rel}","templated":true}]}}