{"id":88945,"date":"2018-01-06T15:43:08","date_gmt":"2018-01-06T17:43:08","guid":{"rendered":"http:\/\/diarioregionaljf.com.br\/2018\/01\/06\/jovem-e-preso-em-flagrante-ao-vender-drogas-no-bairro-vitorino-braga\/"},"modified":"2018-01-06T15:43:08","modified_gmt":"2018-01-06T17:43:08","slug":"jovem-e-preso-em-flagrante-ao-vender-drogas-no-bairro-vitorino-braga","status":"publish","type":"post","link":"https:\/\/diarioregionaldigital.com.br\/?p=88945","title":{"rendered":"Jovem \u00e9 preso em flagrante ao vender drogas no bairro Vitorino Braga"},"content":{"rendered":"<p>Um jovem de 19 anos foi preso por tr\u00e1fico de drogas na tarde desta sexta-feira, 5, no bairro Vitorino Braga, localizado na zona Leste.<\/p>\n<p>Segundo informa\u00e7\u00f5es da Pol\u00edcia Militar (PM), durante patrulha pela regi\u00e3o, uma viatura da PM avistou o suspeito em um determinado ponto na Rua Pedro Paulo Vieira, uma \u00e1rea tipicamente utilizada como ponto de vendas de drogas.<\/p>\n<p>Os policiais observaram que diversos indiv\u00edduos iam at\u00e9 o autor a fim de adquirir material entorpecente.<\/p>\n<p>O autor foi abordado pela PM, momento em que tentou se desfazer do material il\u00edcito jogando-o ao solo. Os militares recolheram o material, que se tratava de 21 pedras de crack. Durante busca pessoal no indiv\u00edduo, tamb\u00e9m foram encontrados quatro papelotes de coca\u00edna e a quantia de R$121.<\/p>\n<p>O jovem foi preso em flagrante e encaminhado para a delegacia, juntamente com o material apreendido.<\/p>\n","protected":false},"excerpt":{"rendered":"<p>Um jovem de 19 anos foi preso por tr\u00e1fico de drogas na tarde desta sexta-feira, 5, no bairro Vitorino Braga, localizado na zona Leste. Segundo informa\u00e7\u00f5es da Pol\u00edcia Militar (PM), durante patrulha pela regi\u00e3o, uma viatura da PM avistou o suspeito em um determinado ponto na Rua Pedro Paulo Vieira, uma \u00e1rea tipicamente utilizada como [&hellip;]<\/p>\n","protected":false},"author":96,"featured_media":88944,"comment_status":"closed","ping_status":"closed","sticky":false,"template":"","format":"standard","meta":{"footnotes":""},"categories":[301],"tags":[],"class_list":["post-88945","post","type-post","status-publish","format-standard","has-post-thumbnail","hentry","category-artigos-policiais"],"_links":{"self":[{"href":"https:\/\/diarioregionaldigital.com.br\/index.php?rest_route=\/wp\/v2\/posts\/88945","targetHints":{"allow":["GET"]}}],"collection":[{"href":"https:\/\/diarioregionaldigital.com.br\/index.php?rest_route=\/wp\/v2\/posts"}],"about":[{"href":"https:\/\/diarioregionaldigital.com.br\/index.php?rest_route=\/wp\/v2\/types\/post"}],"author":[{"embeddable":true,"href":"https:\/\/diarioregionaldigital.com.br\/index.php?rest_route=\/wp\/v2\/users\/96"}],"replies":[{"embeddable":true,"href":"https:\/\/diarioregionaldigital.com.br\/index.php?rest_route=%2Fwp%2Fv2%2Fcomments&post=88945"}],"version-history":[{"count":0,"href":"https:\/\/diarioregionaldigital.com.br\/index.php?rest_route=\/wp\/v2\/posts\/88945\/revisions"}],"wp:featuredmedia":[{"embeddable":true,"href":"https:\/\/diarioregionaldigital.com.br\/index.php?rest_route=\/wp\/v2\/media\/88944"}],"wp:attachment":[{"href":"https:\/\/diarioregionaldigital.com.br\/index.php?rest_route=%2Fwp%2Fv2%2Fmedia&parent=88945"}],"wp:term":[{"taxonomy":"category","embeddable":true,"href":"https:\/\/diarioregionaldigital.com.br\/index.php?rest_route=%2Fwp%2Fv2%2Fcategories&post=88945"},{"taxonomy":"post_tag","embeddable":true,"href":"https:\/\/diarioregionaldigital.com.br\/index.php?rest_route=%2Fwp%2Fv2%2Ftags&post=88945"}],"curies":[{"name":"wp","href":"https:\/\/api.w.org\/{rel}","templated":true}]}}