{"id":88943,"date":"2018-01-06T15:22:50","date_gmt":"2018-01-06T17:22:50","guid":{"rendered":"http:\/\/diarioregionaljf.com.br\/2018\/01\/06\/assaltantes-agridem-homem-e-roubam-granja-em-sarandira\/"},"modified":"2018-01-06T15:22:50","modified_gmt":"2018-01-06T17:22:50","slug":"assaltantes-agridem-homem-e-roubam-granja-em-sarandira","status":"publish","type":"post","link":"https:\/\/diarioregionaldigital.com.br\/?p=88943","title":{"rendered":"Assaltantes agridem homem e roubam granja em Sarandira"},"content":{"rendered":"<p>Uma granja localizada no distrito de Sarandira foi assaltada por cinco indiv\u00edduos durante a madrugada deste s\u00e1bado, 6.<\/p>\n<p>De acordo com o registro de ocorr\u00eancias da Pol\u00edcia Militar (PM), o grupo de assaltantes formado por tr\u00eas homens de 32, 35 e 40 anos, um jovem de 27 anos e um menor de 17 anos, chegou ao local em um ve\u00edculo VW\/Parati.<\/p>\n<p>Ao entrarem na granja, abordaram o propriet\u00e1rio, um homem de 36 anos, que encontrava-se no local. O grupo utilizava armas de fogo e um dos integrantes desferiu uma coronhada na cabe\u00e7a da v\u00edtima.<\/p>\n<p>Os autores roubaram uma grande quantidade de objetos da granja, dentre eles itens de prata e ouro, Cd\u2019s de jogos e DVD\u2019s, duas ro\u00e7adeiras, roupas, um rel\u00f3gio de parede, tapetes, diversas bonecas, garrafas de bebida, copos de lou\u00e7a, uma fac\u00e3o, uma gal\u00e3o de combust\u00edvel, um nebulizador, uma lanterna, manete de jogos eletr\u00f4nicos, uma aparelho de DVD, um rel\u00f3gio de mesa, um aparelho celular, al\u00e9m de uma carteira com documentos e a quantia de R$ 374.<\/p>\n<p>Ap\u00f3s a a\u00e7\u00e3o, os indiv\u00edduos fugiram no ve\u00edculo em dire\u00e7\u00e3o a cidade de Juiz de Fora.<\/p>\n<p>J\u00e1 cientes da ocorr\u00eancia, a PM iniciou rastreamento pela regi\u00e3o, vindo a localizar o ve\u00edculo nas proximidades do bairro de Nossa Senhora de Lourdes, na zona Sudeste. Outras viaturas da PM tamb\u00e9m foram acionadas a fim de realizar um cerco ao ve\u00edculo suspeito.<\/p>\n<p>O carro foi parado no bairro Bom Jardim e em seu interior a PM localizou os objetos roubados da granja, al\u00e9m das armas utilizadas no crime.<\/p>\n<p>Os tr\u00eas homens e o jovem foram presos e o menor apreendido. Eles confirmaram o crime e foram levados para a delegacia.<\/p>\n<p>O propriet\u00e1rio da granja foi encaminhado ao Hospital de Pronto Socorro (HPS) a fim de receber atendimento devido a coronhada que recebeu na cabe\u00e7a. Ele foi medicado e liberado.<\/p>\n","protected":false},"excerpt":{"rendered":"<p>Uma granja localizada no distrito de Sarandira foi assaltada por cinco indiv\u00edduos durante a madrugada deste s\u00e1bado, 6. De acordo com o registro de ocorr\u00eancias da Pol\u00edcia Militar (PM), o grupo de assaltantes formado por tr\u00eas homens de 32, 35 e 40 anos, um jovem de 27 anos e um menor de 17 anos, chegou [&hellip;]<\/p>\n","protected":false},"author":96,"featured_media":88942,"comment_status":"closed","ping_status":"closed","sticky":false,"template":"","format":"standard","meta":{"footnotes":""},"categories":[301],"tags":[],"class_list":["post-88943","post","type-post","status-publish","format-standard","has-post-thumbnail","hentry","category-artigos-policiais"],"_links":{"self":[{"href":"https:\/\/diarioregionaldigital.com.br\/index.php?rest_route=\/wp\/v2\/posts\/88943","targetHints":{"allow":["GET"]}}],"collection":[{"href":"https:\/\/diarioregionaldigital.com.br\/index.php?rest_route=\/wp\/v2\/posts"}],"about":[{"href":"https:\/\/diarioregionaldigital.com.br\/index.php?rest_route=\/wp\/v2\/types\/post"}],"author":[{"embeddable":true,"href":"https:\/\/diarioregionaldigital.com.br\/index.php?rest_route=\/wp\/v2\/users\/96"}],"replies":[{"embeddable":true,"href":"https:\/\/diarioregionaldigital.com.br\/index.php?rest_route=%2Fwp%2Fv2%2Fcomments&post=88943"}],"version-history":[{"count":0,"href":"https:\/\/diarioregionaldigital.com.br\/index.php?rest_route=\/wp\/v2\/posts\/88943\/revisions"}],"wp:featuredmedia":[{"embeddable":true,"href":"https:\/\/diarioregionaldigital.com.br\/index.php?rest_route=\/wp\/v2\/media\/88942"}],"wp:attachment":[{"href":"https:\/\/diarioregionaldigital.com.br\/index.php?rest_route=%2Fwp%2Fv2%2Fmedia&parent=88943"}],"wp:term":[{"taxonomy":"category","embeddable":true,"href":"https:\/\/diarioregionaldigital.com.br\/index.php?rest_route=%2Fwp%2Fv2%2Fcategories&post=88943"},{"taxonomy":"post_tag","embeddable":true,"href":"https:\/\/diarioregionaldigital.com.br\/index.php?rest_route=%2Fwp%2Fv2%2Ftags&post=88943"}],"curies":[{"name":"wp","href":"https:\/\/api.w.org\/{rel}","templated":true}]}}