{"id":88941,"date":"2018-01-06T14:40:55","date_gmt":"2018-01-06T16:40:55","guid":{"rendered":"http:\/\/diarioregionaljf.com.br\/2018\/01\/06\/canil-municipal-cria-historico-veterinario-para-caes-e-gatos\/"},"modified":"2018-01-06T14:40:55","modified_gmt":"2018-01-06T16:40:55","slug":"canil-municipal-cria-historico-veterinario-para-caes-e-gatos","status":"publish","type":"post","link":"https:\/\/diarioregionaldigital.com.br\/?p=88941","title":{"rendered":"Canil Municipal cria hist\u00f3rico veterin\u00e1rio para c\u00e3es e gatos"},"content":{"rendered":"<p>O Canil Municipal da Prefeitura de Juiz de Fora est\u00e1 elaborando, pela primeira vez, o hist\u00f3rico veterin\u00e1rio dos animais abrigados, atrav\u00e9s da coleta de sangue e da vacina\u00e7\u00e3o em massa. \u201cO hemograma vai permitir um efetivo controle sanit\u00e1rio, proporcionando sa\u00fade e bem-estar\u201d, explica o m\u00e9dico veterin\u00e1rio F\u00e1bio Valverde Barbosa. Este mapeamento detalhado facilitar\u00e1 a identifica\u00e7\u00e3o de doen\u00e7as, o tratamento adequado, controle de sintomas diversos e acompanhamento de vacinas.<\/p>\n<p>Atualmente, o canil imuniza seus animais contra raiva, cinomose, adenovirus, coronavirose, parvovirose, leptospirose, hepatite infecciosa e parainfluenza, atrav\u00e9s da aplica\u00e7\u00e3o das vacinas \u00f3ctupla e antirr\u00e1bica em c\u00e3es e qu\u00edntupla e antirr\u00e1bica em gatos. F\u00e1bio enfatiza que \u00e9 preciso repetir as vacinas anualmente em animais adultos e com orienta\u00e7\u00e3o de um profissional da \u00e1rea.<\/p>\n<p><span style=\"font-size: 18pt;\">Via de m\u00e3o dupla<\/span><\/p>\n<p>Em 2017, o Canil Municipal firmou conv\u00eanio com o Curso de Medicina Veterin\u00e1ria da Universidade Federal de Juiz de Fora (UFJF). Desde ent\u00e3o, uma equipe de estudantes, coordenada pelo professor Adolfo Firmino da Silva Neto, junto com o respons\u00e1vel t\u00e9cnico do Canil Municipal, F\u00e1bio Valverde Barbosa, realiza o hemograma de todos os animais do espa\u00e7o. \u201cEstamos coletando o sangue de 50 animais por dia. O material \u00e9 levado ao laborat\u00f3rio da universidade, onde \u00e9 processado. Essa \u00e9 uma a\u00e7\u00e3o preventiva e tamb\u00e9m uma pesquisa para identificar qualquer material infeccioso\u201d, comenta Adolfo. A meta \u00e9 que esta etapa seja conclu\u00eddo ainda em janeiro.<\/p>\n<p>Para a gerente do Departamento de Controle Animal (Dcan), Miriam Neder, \u201ca vacina\u00e7\u00e3o em massa e o h\u00e1bito de os animais se exercitarem fora das baias v\u00e3o ajudar a mant\u00ea-los mais saud\u00e1veis e diminuir nossos gastos com rem\u00e9dios e interna\u00e7\u00e3o. Sempre teremos animais em tratamento no Canil, visto que s\u00f3 resgatamos animais doentes ou atropelados. A boa not\u00edcia \u00e9 que o estado geral de sa\u00fade dos adultos \u00e9 muito bom. Agora, temos que, cada vez mais, investir nas campanhas de ado\u00e7\u00e3o e de conscientiza\u00e7\u00e3o contra o abandono, pois, com a diminui\u00e7\u00e3o do n\u00famero de abrigados, eles ter\u00e3o mais conforto. Este \u00e9 o nosso maior desafio&#8221;.<\/p>\n<p>Fonte: Assessoria \/ PJF<\/p>\n","protected":false},"excerpt":{"rendered":"<p>O Canil Municipal da Prefeitura de Juiz de Fora est\u00e1 elaborando, pela primeira vez, o hist\u00f3rico veterin\u00e1rio dos animais abrigados, atrav\u00e9s da coleta de sangue e da vacina\u00e7\u00e3o em massa. \u201cO hemograma vai permitir um efetivo controle sanit\u00e1rio, proporcionando sa\u00fade e bem-estar\u201d, explica o m\u00e9dico veterin\u00e1rio F\u00e1bio Valverde Barbosa. Este mapeamento detalhado facilitar\u00e1 a identifica\u00e7\u00e3o [&hellip;]<\/p>\n","protected":false},"author":96,"featured_media":88940,"comment_status":"closed","ping_status":"closed","sticky":false,"template":"","format":"standard","meta":{"footnotes":""},"categories":[253],"tags":[],"class_list":["post-88941","post","type-post","status-publish","format-standard","has-post-thumbnail","hentry","category-cidade"],"_links":{"self":[{"href":"https:\/\/diarioregionaldigital.com.br\/index.php?rest_route=\/wp\/v2\/posts\/88941","targetHints":{"allow":["GET"]}}],"collection":[{"href":"https:\/\/diarioregionaldigital.com.br\/index.php?rest_route=\/wp\/v2\/posts"}],"about":[{"href":"https:\/\/diarioregionaldigital.com.br\/index.php?rest_route=\/wp\/v2\/types\/post"}],"author":[{"embeddable":true,"href":"https:\/\/diarioregionaldigital.com.br\/index.php?rest_route=\/wp\/v2\/users\/96"}],"replies":[{"embeddable":true,"href":"https:\/\/diarioregionaldigital.com.br\/index.php?rest_route=%2Fwp%2Fv2%2Fcomments&post=88941"}],"version-history":[{"count":0,"href":"https:\/\/diarioregionaldigital.com.br\/index.php?rest_route=\/wp\/v2\/posts\/88941\/revisions"}],"wp:featuredmedia":[{"embeddable":true,"href":"https:\/\/diarioregionaldigital.com.br\/index.php?rest_route=\/wp\/v2\/media\/88940"}],"wp:attachment":[{"href":"https:\/\/diarioregionaldigital.com.br\/index.php?rest_route=%2Fwp%2Fv2%2Fmedia&parent=88941"}],"wp:term":[{"taxonomy":"category","embeddable":true,"href":"https:\/\/diarioregionaldigital.com.br\/index.php?rest_route=%2Fwp%2Fv2%2Fcategories&post=88941"},{"taxonomy":"post_tag","embeddable":true,"href":"https:\/\/diarioregionaldigital.com.br\/index.php?rest_route=%2Fwp%2Fv2%2Ftags&post=88941"}],"curies":[{"name":"wp","href":"https:\/\/api.w.org\/{rel}","templated":true}]}}