{"id":88939,"date":"2018-01-06T14:34:14","date_gmt":"2018-01-06T16:34:14","guid":{"rendered":"http:\/\/diarioregionaljf.com.br\/2018\/01\/06\/jovem-quebra-perna-ao-ser-alvejado-por-tiros-no-bairro-santa-rita\/"},"modified":"2018-01-06T14:34:14","modified_gmt":"2018-01-06T16:34:14","slug":"jovem-quebra-perna-ao-ser-alvejado-por-tiros-no-bairro-santa-rita","status":"publish","type":"post","link":"https:\/\/diarioregionaldigital.com.br\/?p=88939","title":{"rendered":"Jovem quebra perna ao ser alvejado por tiros no bairro Santa Rita"},"content":{"rendered":"<p>Um jovem de 20 anos foi v\u00edtima de tentativa de homic\u00eddio na tarde desta sexta-feira, 5, no bairro Santa Rita, localizado na zona Leste.<\/p>\n<p>Segundo informa\u00e7\u00f5es da Pol\u00edcia Militar, o jovem relatou que discutia com o autor, um menor de 16 anos, em rela\u00e7\u00e3o a um desacerto comercial envolvendo uma motocicleta. Ap\u00f3s a discuss\u00e3o o menor sacou um rev\u00f3lver e efetuou diversos disparos contra a v\u00edtima.<\/p>\n<p>No momento dos disparos o jovem escorregou e caiu de um barranco de aproximadamente 10 metros de altura, vindo a cair em uma resid\u00eancia localizada na Rua Fernando Marcato.<\/p>\n<p>Vizinhos pr\u00f3ximos ao local alertaram ao dono da casa, terem escutado diversos tiros, ao que o propriet\u00e1rio tamb\u00e9m afirmou ter escutado um barulho de algo caindo no quintal no mesmo momento.<\/p>\n<p>Ao verificaram o quintal da resid\u00eancia se depararam com o jovem ca\u00eddo ao solo, com ferimento na perna e pedindo socorro. As testemunhas chamaram o Servi\u00e7o de Atendimento M\u00f3vel de Urg\u00eancia (SAMU) que encaminhou a v\u00edtima para o hospital e maternidade Terezinha de Jesus. Os m\u00e9dicos constataram uma fratura no f\u00eamur, proveniente de um disparo de arma de fogo. A v\u00edtima permaneceu internada para cirurgia.<\/p>\n<p>Ap\u00f3s o crime o autor fugiu. A PM realizou buscas mas ele n\u00e3o foi encontrado.<\/p>\n","protected":false},"excerpt":{"rendered":"<p>Um jovem de 20 anos foi v\u00edtima de tentativa de homic\u00eddio na tarde desta sexta-feira, 5, no bairro Santa Rita, localizado na zona Leste. Segundo informa\u00e7\u00f5es da Pol\u00edcia Militar, o jovem relatou que discutia com o autor, um menor de 16 anos, em rela\u00e7\u00e3o a um desacerto comercial envolvendo uma motocicleta. Ap\u00f3s a discuss\u00e3o o [&hellip;]<\/p>\n","protected":false},"author":96,"featured_media":88938,"comment_status":"closed","ping_status":"closed","sticky":false,"template":"","format":"standard","meta":{"footnotes":""},"categories":[301],"tags":[],"class_list":["post-88939","post","type-post","status-publish","format-standard","has-post-thumbnail","hentry","category-artigos-policiais"],"_links":{"self":[{"href":"https:\/\/diarioregionaldigital.com.br\/index.php?rest_route=\/wp\/v2\/posts\/88939","targetHints":{"allow":["GET"]}}],"collection":[{"href":"https:\/\/diarioregionaldigital.com.br\/index.php?rest_route=\/wp\/v2\/posts"}],"about":[{"href":"https:\/\/diarioregionaldigital.com.br\/index.php?rest_route=\/wp\/v2\/types\/post"}],"author":[{"embeddable":true,"href":"https:\/\/diarioregionaldigital.com.br\/index.php?rest_route=\/wp\/v2\/users\/96"}],"replies":[{"embeddable":true,"href":"https:\/\/diarioregionaldigital.com.br\/index.php?rest_route=%2Fwp%2Fv2%2Fcomments&post=88939"}],"version-history":[{"count":0,"href":"https:\/\/diarioregionaldigital.com.br\/index.php?rest_route=\/wp\/v2\/posts\/88939\/revisions"}],"wp:featuredmedia":[{"embeddable":true,"href":"https:\/\/diarioregionaldigital.com.br\/index.php?rest_route=\/wp\/v2\/media\/88938"}],"wp:attachment":[{"href":"https:\/\/diarioregionaldigital.com.br\/index.php?rest_route=%2Fwp%2Fv2%2Fmedia&parent=88939"}],"wp:term":[{"taxonomy":"category","embeddable":true,"href":"https:\/\/diarioregionaldigital.com.br\/index.php?rest_route=%2Fwp%2Fv2%2Fcategories&post=88939"},{"taxonomy":"post_tag","embeddable":true,"href":"https:\/\/diarioregionaldigital.com.br\/index.php?rest_route=%2Fwp%2Fv2%2Ftags&post=88939"}],"curies":[{"name":"wp","href":"https:\/\/api.w.org\/{rel}","templated":true}]}}