{"id":88935,"date":"2018-01-06T14:04:05","date_gmt":"2018-01-06T16:04:05","guid":{"rendered":"http:\/\/diarioregionaljf.com.br\/2018\/01\/06\/pm-apreende-tres-menores-com-armas-no-bairro-benfica\/"},"modified":"2018-01-06T14:04:05","modified_gmt":"2018-01-06T16:04:05","slug":"pm-apreende-tres-menores-com-armas-no-bairro-benfica","status":"publish","type":"post","link":"https:\/\/diarioregionaldigital.com.br\/?p=88935","title":{"rendered":"PM apreende tr\u00eas menores com armas no bairro Benfica"},"content":{"rendered":"<p>Tr\u00eas menores, de 14, 16 e 17 anos, foram apreendidos por porte ilegal de armas de fogo na noite desta sexta-feira, 5, no bairro Benfica, localizado na zona Norte.<\/p>\n<p>De acordo com informa\u00e7\u00f5es do registro de ocorr\u00eancias da Pol\u00edcia Militar (PM), uma viatura realizava patrulhamento pelo bairro quando na Rua Professora Helena Antipoff, se deparou com um indiv\u00edduo, que ao notar a presen\u00e7a policial tentou fugir a p\u00e9 e lan\u00e7ou uma mochila embaixo de um ve\u00edculo estacionado.<\/p>\n<p>A PM alcan\u00e7ou o suspeito, pegou a mochila e ao abri-la, encontrou uma garrucha calibre 32 e um rev\u00f3lver calibre 32.<\/p>\n<p>Outros dois menores estavam com o autor e tamb\u00e9m tentaram fugir. Eles foram localizados em um barraco de uma constru\u00e7\u00e3o.<\/p>\n<p>Os tr\u00eas indiv\u00edduos foram apreendidos juntamente com o material. Eles foram encaminhados para a delegacia.<\/p>\n","protected":false},"excerpt":{"rendered":"<p>Tr\u00eas menores, de 14, 16 e 17 anos, foram apreendidos por porte ilegal de armas de fogo na noite desta sexta-feira, 5, no bairro Benfica, localizado na zona Norte. De acordo com informa\u00e7\u00f5es do registro de ocorr\u00eancias da Pol\u00edcia Militar (PM), uma viatura realizava patrulhamento pelo bairro quando na Rua Professora Helena Antipoff, se deparou [&hellip;]<\/p>\n","protected":false},"author":96,"featured_media":88934,"comment_status":"closed","ping_status":"closed","sticky":false,"template":"","format":"standard","meta":{"footnotes":""},"categories":[301],"tags":[],"class_list":["post-88935","post","type-post","status-publish","format-standard","has-post-thumbnail","hentry","category-artigos-policiais"],"_links":{"self":[{"href":"https:\/\/diarioregionaldigital.com.br\/index.php?rest_route=\/wp\/v2\/posts\/88935","targetHints":{"allow":["GET"]}}],"collection":[{"href":"https:\/\/diarioregionaldigital.com.br\/index.php?rest_route=\/wp\/v2\/posts"}],"about":[{"href":"https:\/\/diarioregionaldigital.com.br\/index.php?rest_route=\/wp\/v2\/types\/post"}],"author":[{"embeddable":true,"href":"https:\/\/diarioregionaldigital.com.br\/index.php?rest_route=\/wp\/v2\/users\/96"}],"replies":[{"embeddable":true,"href":"https:\/\/diarioregionaldigital.com.br\/index.php?rest_route=%2Fwp%2Fv2%2Fcomments&post=88935"}],"version-history":[{"count":0,"href":"https:\/\/diarioregionaldigital.com.br\/index.php?rest_route=\/wp\/v2\/posts\/88935\/revisions"}],"wp:featuredmedia":[{"embeddable":true,"href":"https:\/\/diarioregionaldigital.com.br\/index.php?rest_route=\/wp\/v2\/media\/88934"}],"wp:attachment":[{"href":"https:\/\/diarioregionaldigital.com.br\/index.php?rest_route=%2Fwp%2Fv2%2Fmedia&parent=88935"}],"wp:term":[{"taxonomy":"category","embeddable":true,"href":"https:\/\/diarioregionaldigital.com.br\/index.php?rest_route=%2Fwp%2Fv2%2Fcategories&post=88935"},{"taxonomy":"post_tag","embeddable":true,"href":"https:\/\/diarioregionaldigital.com.br\/index.php?rest_route=%2Fwp%2Fv2%2Ftags&post=88935"}],"curies":[{"name":"wp","href":"https:\/\/api.w.org\/{rel}","templated":true}]}}