{"id":88933,"date":"2018-01-06T13:25:05","date_gmt":"2018-01-06T15:25:05","guid":{"rendered":"http:\/\/diarioregionaljf.com.br\/2018\/01\/06\/novo-comando-da-pm-do-norte-de-minas-toma-posse-e-tem-como-novidade-uma-mulher\/"},"modified":"2018-01-06T13:25:05","modified_gmt":"2018-01-06T15:25:05","slug":"novo-comando-da-pm-do-norte-de-minas-toma-posse-e-tem-como-novidade-uma-mulher","status":"publish","type":"post","link":"https:\/\/diarioregionaldigital.com.br\/?p=88933","title":{"rendered":"Novo comando da PM do Norte de Minas toma posse e tem como novidade uma mulher"},"content":{"rendered":"<p>Os dois novos comandantes da Pol\u00edcia Militar que tomaram posse nesta sexta-feira, 5, em Montes Claros. O fato merece destaque ainda maior, por ser a primeira vez em que uma militar do sexo feminino, assume o comando de uma unidade militar no Norte de Minas.<\/p>\n<p>Trata-se da Major Graciele Rodrigues Santos, conhecida pela sua excelente atua\u00e7\u00e3o e pela boa rela\u00e7\u00e3o com os colegas.<\/p>\n<p>Ela foi empossada no cargo de comandante da 11\u00aa Companhia Independente de Meio Ambiente e Tr\u00e2nsito. A Major Grace ter\u00e1 sob sua responsabilidade 77 munic\u00edpios do Norte de Minas.<\/p>\n<p>J\u00e1 o Tenente-Coronel Jarson Sebastian Hansen Ferreira assumiu o comando do 50\u00ba Batalh\u00e3o de Montes Claros. Lembrando que esse fato \u00e9 in\u00e9dito visto que \u00e9 a primeira vez em que um casal assume o comando de duas unidades militares na regi\u00e3o do Norte de Minas.<\/p>\n<p>A Capit\u00e3o-PM Gracielle Rodrigues Santos foi nomeada pelo comandante da 11\u00aa Regi\u00e3o de Pol\u00edcia Militar, Coronel C\u00e9sar Ricardo de Oliveira Guimar\u00e3es, como a nova chefe da Assessoria de Comunica\u00e7\u00e3o Organizacional da 11\u00aa RPM.<\/p>\n<p>A nova assessora, al\u00e9m da vasta experi\u00eancia na \u00e1rea da comunica\u00e7\u00e3o, \u00e9 graduada em Educa\u00e7\u00e3o F\u00edsica e tamb\u00e9m possui gradua\u00e7\u00e3o em Seguran\u00e7a P\u00fablica, Curso de especializa\u00e7\u00e3o lato sensu em criminologia, p\u00f3s-gradua\u00e7\u00e3o em direito p\u00fablico, capacita\u00e7\u00e3o de educadores de adolescentes autores de ato infracional, al\u00e9m de curso integrado de promotor de direitos humanos.<\/p>\n<p>A Capit\u00e3o Gracielle Rodrigues \u00e9 natural de Montes Claros, iniciou sua carreira na PMMG em 31 de janeiro de 1995, na Academia da Pol\u00edcia Militar, em Belo Horizonte, sendo aspirante a oficial no mesmo ano, quando foi classificada em Montes Claros.<\/p>\n<p>A oficial, que j\u00e1 comandou a 103\u00aa Cia de Ensino e Treinamento e Pelot\u00e3o de Meio Ambiente, possui experi\u00eancia na Assessoria de Comunica\u00e7\u00e3o do 10\u00ba BPM e da 11\u00aa RPM.<\/p>\n<p>A Assessoria de Comunica\u00e7\u00e3o Organizacional da Pol\u00edcia Militar trabalha com a divulga\u00e7\u00e3o das a\u00e7\u00f5es da corpora\u00e7\u00e3o e atendimento aos ve\u00edculos de comunica\u00e7\u00e3o existentes na sociedade, atendendo a comunidade e apoiando a institui\u00e7\u00e3o em projetos sociais e opera\u00e7\u00f5es realizadas em prol da seguran\u00e7a da popula\u00e7\u00e3o.<\/p>\n<p>Fonte: gmundonews.com.br<\/p>\n","protected":false},"excerpt":{"rendered":"<p>Os dois novos comandantes da Pol\u00edcia Militar que tomaram posse nesta sexta-feira, 5, em Montes Claros. O fato merece destaque ainda maior, por ser a primeira vez em que uma militar do sexo feminino, assume o comando de uma unidade militar no Norte de Minas. Trata-se da Major Graciele Rodrigues Santos, conhecida pela sua excelente [&hellip;]<\/p>\n","protected":false},"author":96,"featured_media":88932,"comment_status":"closed","ping_status":"closed","sticky":false,"template":"","format":"standard","meta":{"footnotes":""},"categories":[252],"tags":[],"class_list":["post-88933","post","type-post","status-publish","format-standard","has-post-thumbnail","hentry","category-regiao"],"_links":{"self":[{"href":"https:\/\/diarioregionaldigital.com.br\/index.php?rest_route=\/wp\/v2\/posts\/88933","targetHints":{"allow":["GET"]}}],"collection":[{"href":"https:\/\/diarioregionaldigital.com.br\/index.php?rest_route=\/wp\/v2\/posts"}],"about":[{"href":"https:\/\/diarioregionaldigital.com.br\/index.php?rest_route=\/wp\/v2\/types\/post"}],"author":[{"embeddable":true,"href":"https:\/\/diarioregionaldigital.com.br\/index.php?rest_route=\/wp\/v2\/users\/96"}],"replies":[{"embeddable":true,"href":"https:\/\/diarioregionaldigital.com.br\/index.php?rest_route=%2Fwp%2Fv2%2Fcomments&post=88933"}],"version-history":[{"count":0,"href":"https:\/\/diarioregionaldigital.com.br\/index.php?rest_route=\/wp\/v2\/posts\/88933\/revisions"}],"wp:featuredmedia":[{"embeddable":true,"href":"https:\/\/diarioregionaldigital.com.br\/index.php?rest_route=\/wp\/v2\/media\/88932"}],"wp:attachment":[{"href":"https:\/\/diarioregionaldigital.com.br\/index.php?rest_route=%2Fwp%2Fv2%2Fmedia&parent=88933"}],"wp:term":[{"taxonomy":"category","embeddable":true,"href":"https:\/\/diarioregionaldigital.com.br\/index.php?rest_route=%2Fwp%2Fv2%2Fcategories&post=88933"},{"taxonomy":"post_tag","embeddable":true,"href":"https:\/\/diarioregionaldigital.com.br\/index.php?rest_route=%2Fwp%2Fv2%2Ftags&post=88933"}],"curies":[{"name":"wp","href":"https:\/\/api.w.org\/{rel}","templated":true}]}}