{"id":88931,"date":"2018-01-06T13:03:10","date_gmt":"2018-01-06T15:03:10","guid":{"rendered":"http:\/\/diarioregionaljf.com.br\/2018\/01\/06\/prefeitura-vai-instalar-mais-15-cameras-de-monitoramento-do-transito\/"},"modified":"2018-01-06T13:03:10","modified_gmt":"2018-01-06T15:03:10","slug":"prefeitura-vai-instalar-mais-15-cameras-de-monitoramento-do-transito","status":"publish","type":"post","link":"https:\/\/diarioregionaldigital.com.br\/?p=88931","title":{"rendered":"Prefeitura vai instalar mais 15 c\u00e2meras de monitoramento do tr\u00e2nsito"},"content":{"rendered":"<p>A Prefeitura Municipal de Juiz de Fora lan\u00e7ou nesta sexta-feira, 5, por meio da Comiss\u00e3o Permanente de Licita\u00e7\u00e3o (CPL), um edital de chamamento p\u00fablico para empresas interessadas em atuar na amplia\u00e7\u00e3o do Sistema de Monitoramento por C\u00e2meras do Centro de Controle e Monitoramento de Transporte e Tr\u00e2nsito da SETTRA (Secretaria de Transporte e Tr\u00e2nsito).<\/p>\n<p>A chamada p\u00fablica ocorrer\u00e1 no dia 24 de janeiro e visa, como um dos objetivos, a instala\u00e7\u00e3o de 15 novas c\u00e2meras de monitoramento na cidade. O edital, que apresenta todos os documentos necess\u00e1rios para participa\u00e7\u00e3o das empresas, al\u00e9m de condi\u00e7\u00f5es para participa\u00e7\u00e3o, responsabilidades, dentre outros quesitos, pode ser encontrado <a href=\"https:\/\/www.pjf.mg.gov.br\/secretarias\/cpl\/editais\/outras_modalidades\/2018\/arquivos\/edital_ch003_17.pdf\">neste link<\/a>.<\/p>\n<p>A finalidade das novas c\u00e2meras ser\u00e1 atender \u00e0s necessidades de melhoria na opera\u00e7\u00e3o, no controle, na fiscaliza\u00e7\u00e3o e nas informa\u00e7\u00f5es sobre o sistema de tr\u00e2nsito e do transporte coletivo urbano no munic\u00edpio. Busca-se a fiscaliza\u00e7\u00e3o dos pontos de estrangulamento de tr\u00e2nsito da cidade, a fim de dar maior fluidez al\u00e9m de recolhimento de informa\u00e7\u00f5es a fim de estudos sobre a gest\u00e3o da mobilidade pelas autoridades.<\/p>\n<p>As c\u00e2meras ser\u00e3o instaladas nos seguintes pontos:<\/p>\n<p>&#8211; Av. Andradas X Eng\u00ba Moraes Sarmento<\/p>\n<p>&#8211; Av. Andradas X Rua Bar\u00e3o de Cataguases<\/p>\n<p>&#8211; Av. Andradas X Rua Mariano Proc\u00f3pio<\/p>\n<p>&#8211; Av. Br. Rio Branco X Rua Santa Rita<\/p>\n<p>&#8211; Av. Brasil X Rua Tereza Cristina<\/p>\n<p>&#8211; Av. Oleg\u00e1rio Maciel X Benjamin Constant<\/p>\n<p>&#8211; Av. Oleg\u00e1rio Maciel X Esp\u00edrito Santo<\/p>\n<p>&#8211; Av. Paracatu X Av. Br. Rio Branco<\/p>\n<p>&#8211; Av. Pres Juscelino Kubitschek X Rua Tom\u00e1z Gonzaga<\/p>\n<p>&#8211; Av. Pres. Itamar Franco X Av. Dr. Paulo Japiass\u00fa Coelho<\/p>\n<p>&#8211; Av. Pres. Itamar Franco X Rua Chanceler Oswaldo Aranha<\/p>\n<p>&#8211; Av. Get\u00falio Vargas X Rua Mister Moore<\/p>\n<p>&#8211; Rua Bernardo Mascarenhas x Rua Gen. Gomes Carneiro<\/p>\n<p>&#8211; Rua Mariano Proc\u00f3pio x Av. Rui Barbosa<\/p>\n<p>&#8211; Rua Santo Ant\u00f4nio X Rua Halfeld<\/p>\n<p>O prazo para in\u00edcio da opera\u00e7\u00e3o do sistema ser\u00e1 de at\u00e9 60 (sessenta) dias contados a partir da assinatura do Termo de Parceria, quando a contratada apresentar\u00e1 cronograma de implanta\u00e7\u00e3o do Sistema de Monitoramento nos locais previstos neste Edital. O prazo de execu\u00e7\u00e3o dos servi\u00e7os ser\u00e1 de 24 (vinte e quatro) meses ap\u00f3s a assinatura do Termo de Parceria, podendo ser prorrogado.<\/p>\n","protected":false},"excerpt":{"rendered":"<p>A Prefeitura Municipal de Juiz de Fora lan\u00e7ou nesta sexta-feira, 5, por meio da Comiss\u00e3o Permanente de Licita\u00e7\u00e3o (CPL), um edital de chamamento p\u00fablico para empresas interessadas em atuar na amplia\u00e7\u00e3o do Sistema de Monitoramento por C\u00e2meras do Centro de Controle e Monitoramento de Transporte e Tr\u00e2nsito da SETTRA (Secretaria de Transporte e Tr\u00e2nsito). A [&hellip;]<\/p>\n","protected":false},"author":96,"featured_media":88930,"comment_status":"closed","ping_status":"closed","sticky":false,"template":"","format":"standard","meta":{"footnotes":""},"categories":[253],"tags":[],"class_list":["post-88931","post","type-post","status-publish","format-standard","has-post-thumbnail","hentry","category-cidade"],"_links":{"self":[{"href":"https:\/\/diarioregionaldigital.com.br\/index.php?rest_route=\/wp\/v2\/posts\/88931","targetHints":{"allow":["GET"]}}],"collection":[{"href":"https:\/\/diarioregionaldigital.com.br\/index.php?rest_route=\/wp\/v2\/posts"}],"about":[{"href":"https:\/\/diarioregionaldigital.com.br\/index.php?rest_route=\/wp\/v2\/types\/post"}],"author":[{"embeddable":true,"href":"https:\/\/diarioregionaldigital.com.br\/index.php?rest_route=\/wp\/v2\/users\/96"}],"replies":[{"embeddable":true,"href":"https:\/\/diarioregionaldigital.com.br\/index.php?rest_route=%2Fwp%2Fv2%2Fcomments&post=88931"}],"version-history":[{"count":0,"href":"https:\/\/diarioregionaldigital.com.br\/index.php?rest_route=\/wp\/v2\/posts\/88931\/revisions"}],"wp:featuredmedia":[{"embeddable":true,"href":"https:\/\/diarioregionaldigital.com.br\/index.php?rest_route=\/wp\/v2\/media\/88930"}],"wp:attachment":[{"href":"https:\/\/diarioregionaldigital.com.br\/index.php?rest_route=%2Fwp%2Fv2%2Fmedia&parent=88931"}],"wp:term":[{"taxonomy":"category","embeddable":true,"href":"https:\/\/diarioregionaldigital.com.br\/index.php?rest_route=%2Fwp%2Fv2%2Fcategories&post=88931"},{"taxonomy":"post_tag","embeddable":true,"href":"https:\/\/diarioregionaldigital.com.br\/index.php?rest_route=%2Fwp%2Fv2%2Ftags&post=88931"}],"curies":[{"name":"wp","href":"https:\/\/api.w.org\/{rel}","templated":true}]}}