{"id":88929,"date":"2018-01-06T12:12:55","date_gmt":"2018-01-06T14:12:55","guid":{"rendered":"http:\/\/diarioregionaljf.com.br\/2018\/01\/06\/mulher-tem-casa-invadida-por-dupla-e-e-alvejada-por-tres-disparos-no-bela-aurora\/"},"modified":"2018-01-06T12:12:55","modified_gmt":"2018-01-06T14:12:55","slug":"mulher-tem-casa-invadida-por-dupla-e-e-alvejada-por-tres-disparos-no-bela-aurora","status":"publish","type":"post","link":"https:\/\/diarioregionaldigital.com.br\/?p=88929","title":{"rendered":"Mulher tem casa invadida por dupla e \u00e9 alvejada por tr\u00eas disparos no Bela Aurora"},"content":{"rendered":"<p>Uma mulher de 30 anos foi v\u00edtima de tentativa de homic\u00eddio na tarde desta sexta-feira, 5, no bairro Bela Aurora, localizado na zona Sul.<\/p>\n<p>Segundo informa\u00e7\u00f5es da Pol\u00edcia Militar (PM), a mulher encontrava-se dentro de sua resid\u00eancia quando dois indiv\u00edduos, de 18 e 41 anos, invadiram o local e efetuaram diversos disparos contra a v\u00edtima.<\/p>\n<p>A mulher foi atingida no peito, cabe\u00e7a e bra\u00e7o. No momento em que a PM chegou ao local da ocorr\u00eancia, a v\u00edtima encontrava-se ca\u00edda ao solo e l\u00facida. Ela foi socorrida por uma equipe do Servi\u00e7o de Atendimento M\u00f3vel de Urg\u00eancia (SAMU) e foi encaminhada para o Hospital de Pronto Socorro (HPS) onde passou por cirurgia.<\/p>\n<p>Ap\u00f3s o crime, a dupla fugiu em um carro, da marca Ford Fiesta. A PM realizou buscas pela regi\u00e3o e na resid\u00eancia dos indiv\u00edduos, por\u00e9m nenhum deles foi encontrado.<\/p>\n","protected":false},"excerpt":{"rendered":"<p>Uma mulher de 30 anos foi v\u00edtima de tentativa de homic\u00eddio na tarde desta sexta-feira, 5, no bairro Bela Aurora, localizado na zona Sul. Segundo informa\u00e7\u00f5es da Pol\u00edcia Militar (PM), a mulher encontrava-se dentro de sua resid\u00eancia quando dois indiv\u00edduos, de 18 e 41 anos, invadiram o local e efetuaram diversos disparos contra a v\u00edtima. [&hellip;]<\/p>\n","protected":false},"author":96,"featured_media":88928,"comment_status":"closed","ping_status":"closed","sticky":false,"template":"","format":"standard","meta":{"footnotes":""},"categories":[301],"tags":[],"class_list":["post-88929","post","type-post","status-publish","format-standard","has-post-thumbnail","hentry","category-artigos-policiais"],"_links":{"self":[{"href":"https:\/\/diarioregionaldigital.com.br\/index.php?rest_route=\/wp\/v2\/posts\/88929","targetHints":{"allow":["GET"]}}],"collection":[{"href":"https:\/\/diarioregionaldigital.com.br\/index.php?rest_route=\/wp\/v2\/posts"}],"about":[{"href":"https:\/\/diarioregionaldigital.com.br\/index.php?rest_route=\/wp\/v2\/types\/post"}],"author":[{"embeddable":true,"href":"https:\/\/diarioregionaldigital.com.br\/index.php?rest_route=\/wp\/v2\/users\/96"}],"replies":[{"embeddable":true,"href":"https:\/\/diarioregionaldigital.com.br\/index.php?rest_route=%2Fwp%2Fv2%2Fcomments&post=88929"}],"version-history":[{"count":0,"href":"https:\/\/diarioregionaldigital.com.br\/index.php?rest_route=\/wp\/v2\/posts\/88929\/revisions"}],"wp:featuredmedia":[{"embeddable":true,"href":"https:\/\/diarioregionaldigital.com.br\/index.php?rest_route=\/wp\/v2\/media\/88928"}],"wp:attachment":[{"href":"https:\/\/diarioregionaldigital.com.br\/index.php?rest_route=%2Fwp%2Fv2%2Fmedia&parent=88929"}],"wp:term":[{"taxonomy":"category","embeddable":true,"href":"https:\/\/diarioregionaldigital.com.br\/index.php?rest_route=%2Fwp%2Fv2%2Fcategories&post=88929"},{"taxonomy":"post_tag","embeddable":true,"href":"https:\/\/diarioregionaldigital.com.br\/index.php?rest_route=%2Fwp%2Fv2%2Ftags&post=88929"}],"curies":[{"name":"wp","href":"https:\/\/api.w.org\/{rel}","templated":true}]}}