{"id":88927,"date":"2018-01-06T11:49:54","date_gmt":"2018-01-06T13:49:54","guid":{"rendered":"http:\/\/diarioregionaljf.com.br\/2018\/01\/06\/operacao-policial-apreende-veiculo-clonado-em-cataguases\/"},"modified":"2018-01-06T11:49:54","modified_gmt":"2018-01-06T13:49:54","slug":"operacao-policial-apreende-veiculo-clonado-em-cataguases","status":"publish","type":"post","link":"https:\/\/diarioregionaldigital.com.br\/?p=88927","title":{"rendered":"Opera\u00e7\u00e3o policial apreende ve\u00edculo clonado em Cataguases"},"content":{"rendered":"<p>Durante opera\u00e7\u00e3o policial comandada pelo comandante do 1\u00ba Pelot\u00e3o da 146\u00aa Cia Pol\u00edcia Militar (PM), Ten Marinato, a equipe policial durante o patrulhamento e abordagens na rua Jos\u00e9 Godinho no b Menezes, deparou com um ve\u00edculo GM\/S10 de cor preta, com placa de Ribeir\u00e3o Preto\/SP que era conduzido por um jovem de 23 anos e um segundo ve\u00edculo conduzido VW\/GOLF tamb\u00e9m de cor preta, conduzido por outro jovem, de 22 anos.<\/p>\n<p>Ambos ve\u00edculos foram submetidos a buscas, assim como os seus condutores. No ve\u00edculo GOLF, foi encontrado uma pequena por\u00e7\u00e3o de maconha, que o condutor do ve\u00edculo alegou que n\u00e3o lhe pertencia, que esta droga seria do condutor do ve\u00edculo S10.<\/p>\n<p>O jovem de 23 anos relatou que realmente a droga lhe pertencia e que o ve\u00edculo o qual conduzia, estaria levando-o para lavar a pedido do outro jovem, de 22 anos, e que n\u00e3o saberia a quem pertencia tal ve\u00edculo. Durante a vistoria foi verificado que o Certificado de Registro e Licenciamento de Ve\u00edculo apresentado apresentava fortes ind\u00edcios de ser documenta\u00e7\u00e3o falsificada e foi percebido que os caracteres finais do chassi apresentavam padr\u00e3o diferente dos iniciais, al\u00e9m de outros sinais que apontavam para a adultera\u00e7\u00e3o. Ap\u00f3s per\u00edcia realizada na Delegacia de Cataguases, foi confirmado que o ve\u00edculo na verdade se tratava de produto roubo e a placa original e chassi pertenciam a um ve\u00edculo emplacado no munic\u00edpio de Duque de Caxias.<\/p>\n<p>Ambos presos negavam saber a quem pertencia tal ve\u00edculo, inclusive o seu pr\u00f3prio condutor. Foram ainda apreendidos a quantia de R$ 517,00, uma bucha de maconha e dois telefones celulares. Os presos foram conduzidos \u00e0 Delegacia Regional de Leopoldina para demais provid\u00eancias.<\/p>\n<p>Fonte: Assessoria \/ Pol\u00edcia Militar<\/p>\n","protected":false},"excerpt":{"rendered":"<p>Durante opera\u00e7\u00e3o policial comandada pelo comandante do 1\u00ba Pelot\u00e3o da 146\u00aa Cia Pol\u00edcia Militar (PM), Ten Marinato, a equipe policial durante o patrulhamento e abordagens na rua Jos\u00e9 Godinho no b Menezes, deparou com um ve\u00edculo GM\/S10 de cor preta, com placa de Ribeir\u00e3o Preto\/SP que era conduzido por um jovem de 23 anos e [&hellip;]<\/p>\n","protected":false},"author":96,"featured_media":88926,"comment_status":"closed","ping_status":"closed","sticky":false,"template":"","format":"standard","meta":{"footnotes":""},"categories":[252],"tags":[],"class_list":["post-88927","post","type-post","status-publish","format-standard","has-post-thumbnail","hentry","category-regiao"],"_links":{"self":[{"href":"https:\/\/diarioregionaldigital.com.br\/index.php?rest_route=\/wp\/v2\/posts\/88927","targetHints":{"allow":["GET"]}}],"collection":[{"href":"https:\/\/diarioregionaldigital.com.br\/index.php?rest_route=\/wp\/v2\/posts"}],"about":[{"href":"https:\/\/diarioregionaldigital.com.br\/index.php?rest_route=\/wp\/v2\/types\/post"}],"author":[{"embeddable":true,"href":"https:\/\/diarioregionaldigital.com.br\/index.php?rest_route=\/wp\/v2\/users\/96"}],"replies":[{"embeddable":true,"href":"https:\/\/diarioregionaldigital.com.br\/index.php?rest_route=%2Fwp%2Fv2%2Fcomments&post=88927"}],"version-history":[{"count":0,"href":"https:\/\/diarioregionaldigital.com.br\/index.php?rest_route=\/wp\/v2\/posts\/88927\/revisions"}],"wp:featuredmedia":[{"embeddable":true,"href":"https:\/\/diarioregionaldigital.com.br\/index.php?rest_route=\/wp\/v2\/media\/88926"}],"wp:attachment":[{"href":"https:\/\/diarioregionaldigital.com.br\/index.php?rest_route=%2Fwp%2Fv2%2Fmedia&parent=88927"}],"wp:term":[{"taxonomy":"category","embeddable":true,"href":"https:\/\/diarioregionaldigital.com.br\/index.php?rest_route=%2Fwp%2Fv2%2Fcategories&post=88927"},{"taxonomy":"post_tag","embeddable":true,"href":"https:\/\/diarioregionaldigital.com.br\/index.php?rest_route=%2Fwp%2Fv2%2Ftags&post=88927"}],"curies":[{"name":"wp","href":"https:\/\/api.w.org\/{rel}","templated":true}]}}