{"id":88925,"date":"2018-01-06T11:35:01","date_gmt":"2018-01-06T13:35:01","guid":{"rendered":"http:\/\/diarioregionaljf.com.br\/2018\/01\/06\/chuvas-deverao-continuar-durante-os-proximos-dias-em-juiz-de-fora-e-regiao\/"},"modified":"2018-01-06T11:35:01","modified_gmt":"2018-01-06T13:35:01","slug":"chuvas-deverao-continuar-durante-os-proximos-dias-em-juiz-de-fora-e-regiao","status":"publish","type":"post","link":"https:\/\/diarioregionaldigital.com.br\/?p=88925","title":{"rendered":"Chuvas dever\u00e3o continuar durante os pr\u00f3ximos dias em Juiz de Fora e regi\u00e3o"},"content":{"rendered":"<p>O final de semana e in\u00edcio da pr\u00f3xima semana devem se manter com chuvas e temperaturas amenas em Juiz de Fora e regi\u00e3o. As informa\u00e7\u00f5es s\u00e3o do Centro de Previs\u00e3o do Tempo e Estudos Clim\u00e1ticos (CPTC), ligado ao Instituto Nacional de Pesquisas Especiais (INPE).&nbsp;<\/p>\n<p>As m\u00e9dias poder\u00e3o variar entre m\u00ednimas de 18\u00b0C e m\u00e1ximas de 26 \u00b0C. A umidade relativa do ar fica entre as faixas de 48% a 96%.<\/p>\n<p>A semana, que contou com uma varia\u00e7\u00e3o repentina na temperatura e clima, queda nos term\u00f4metros e chegada de chuvas, ser\u00e1 finalizada com dias nublados e probabilidade de novas precipita\u00e7\u00f5es.<\/p>\n<p>Neste s\u00e1bado, 6, s\u00e3o aguardadas muitas nuvens com curtas aberturas e chuvas localizadas que poder\u00e3o ser fortes e vir acompanhadas de trovoadas a qualquer hora do dia.<\/p>\n<p>J\u00e1 no domingo, 7, o dia tamb\u00e9m ficar\u00e1 nublado, mas com chances menores de precipita\u00e7\u00e3o. Entretanto, elas ainda poder\u00e3o ocorrer e vir acompanhadas de trovoadas<\/p>\n<p><span style=\"font-size: 18pt;\">Alerta Amarelo<\/span><\/p>\n<p>O Instituto Nacional de Meteorologia (INMET) publicou nesta sexta-feira, 5, um aviso de Alerta Amarelo para diversas regi\u00f5es de Minas Gerais, dentre elas, Zona da Mata, Triangulo Mineiro\/Alto Parna\u00edba, Central Mineira, Vale Do Rio Doce, Jequitinhonha, Metropolitana De Belo Horizonte, Campo Das Vertentes De Minas, Norte Mineiro, Oeste Mineiro, Sul\/Sudoeste Mineiro, Noroeste Mineiro.<\/p>\n<p>O Alerta Amarelo representa chuvas entre 20 e 30 mm\/h ou at\u00e9 50 mm\/dia, ventos intensos (40-60 Km\/h). Baixo risco de corte de energia el\u00e9trica, queda de galhos de \u00e1rvores, alagamentos e de descargas el\u00e9tricas.<\/p>\n<p>Alguns cuidados devem ser tomados durante este per\u00edodo:<\/p>\n<p>Em caso de rajadas de vento: n\u00e3o se abrigue debaixo de \u00e1rvores, pois h\u00e1 leve risco de queda e descargas el\u00e9tricas e n\u00e3o estacione ve\u00edculos pr\u00f3ximos a torres de transmiss\u00e3o e placas de propaganda;<\/p>\n<p>Evite usar aparelhos eletr\u00f4nicos ligados \u00e0 tomada;<\/p>\n<p>Obtenha mais informa\u00e7\u00f5es junto \u00e0 Defesa Civil (telefone 199) e ao Corpo de Bombeiros (telefone 193).<\/p>\n","protected":false},"excerpt":{"rendered":"<p>O final de semana e in\u00edcio da pr\u00f3xima semana devem se manter com chuvas e temperaturas amenas em Juiz de Fora e regi\u00e3o. As informa\u00e7\u00f5es s\u00e3o do Centro de Previs\u00e3o do Tempo e Estudos Clim\u00e1ticos (CPTC), ligado ao Instituto Nacional de Pesquisas Especiais (INPE).&nbsp; As m\u00e9dias poder\u00e3o variar entre m\u00ednimas de 18\u00b0C e m\u00e1ximas de [&hellip;]<\/p>\n","protected":false},"author":96,"featured_media":88924,"comment_status":"closed","ping_status":"closed","sticky":false,"template":"","format":"standard","meta":{"footnotes":""},"categories":[253],"tags":[],"class_list":["post-88925","post","type-post","status-publish","format-standard","has-post-thumbnail","hentry","category-cidade"],"_links":{"self":[{"href":"https:\/\/diarioregionaldigital.com.br\/index.php?rest_route=\/wp\/v2\/posts\/88925","targetHints":{"allow":["GET"]}}],"collection":[{"href":"https:\/\/diarioregionaldigital.com.br\/index.php?rest_route=\/wp\/v2\/posts"}],"about":[{"href":"https:\/\/diarioregionaldigital.com.br\/index.php?rest_route=\/wp\/v2\/types\/post"}],"author":[{"embeddable":true,"href":"https:\/\/diarioregionaldigital.com.br\/index.php?rest_route=\/wp\/v2\/users\/96"}],"replies":[{"embeddable":true,"href":"https:\/\/diarioregionaldigital.com.br\/index.php?rest_route=%2Fwp%2Fv2%2Fcomments&post=88925"}],"version-history":[{"count":0,"href":"https:\/\/diarioregionaldigital.com.br\/index.php?rest_route=\/wp\/v2\/posts\/88925\/revisions"}],"wp:featuredmedia":[{"embeddable":true,"href":"https:\/\/diarioregionaldigital.com.br\/index.php?rest_route=\/wp\/v2\/media\/88924"}],"wp:attachment":[{"href":"https:\/\/diarioregionaldigital.com.br\/index.php?rest_route=%2Fwp%2Fv2%2Fmedia&parent=88925"}],"wp:term":[{"taxonomy":"category","embeddable":true,"href":"https:\/\/diarioregionaldigital.com.br\/index.php?rest_route=%2Fwp%2Fv2%2Fcategories&post=88925"},{"taxonomy":"post_tag","embeddable":true,"href":"https:\/\/diarioregionaldigital.com.br\/index.php?rest_route=%2Fwp%2Fv2%2Ftags&post=88925"}],"curies":[{"name":"wp","href":"https:\/\/api.w.org\/{rel}","templated":true}]}}