{"id":88921,"date":"2018-01-05T23:03:27","date_gmt":"2018-01-06T01:03:27","guid":{"rendered":"http:\/\/diarioregionaljf.com.br\/2018\/01\/05\/show-5\/"},"modified":"2018-01-05T23:03:27","modified_gmt":"2018-01-06T01:03:27","slug":"show-5","status":"publish","type":"post","link":"https:\/\/diarioregionaldigital.com.br\/?p=88921","title":{"rendered":"Show"},"content":{"rendered":"<p style=\"text-align: center;\"><span class=\"h4\">Alerta<\/span><br \/>Motivo de desconfian\u00e7a, est\u00e1 parada a venda dos 47% da Petrobras na Braskem. Motivo: as complica\u00e7\u00f5es para negociar uma empresa que tem como s\u00f3cia a Odebrecht, cujas encrencas ningu\u00e9m sabe se foram todas reveladas.<\/p>\n<p style=\"text-align: center;\"><span class=\"h4\">Show<\/span><br \/>Elogiad\u00edssimo em sua carreira, o escritor Luiz Rufatto foi homenageado com almo\u00e7o e uma placa em sala do Restaurante Berttu\u2019s, integrando uma galeria de nomes expressivos e especiais da era moderna.<\/p>\n<p style=\"text-align: center;\"><span class=\"h4\">Moda<\/span><br \/>A Gucci n\u00e3o vai mais usar pele animal em seus modelitos. O comunicado oficial foi feito por Marco Bizzari, CEO da marca. Com isso, a etiqueta segue os exemplos do grupo Armani e da grife brasileira Lilly Sarti, que s\u00f3 usam material sint\u00e9tico.<\/p>\n<p style=\"text-align: center;\"><span class=\"h4\">Ex\u00e9rcito<\/span><br \/>Durante concorrido almo\u00e7o com os \u201cEternos integrantes do 10\u00ba Batalh\u00e3o de Infantaria de Montanha\u201d, o coronel Jos\u00e9 Nelson Apolin\u00e1rio da Costa apresentou seu sucessor, tenente-coronel Guilherme Motinha Nunes.<\/p>\n<p style=\"text-align: center;\"><span class=\"h4\">\u00d4ba<\/span><br \/>Em cena confete e serpentina, ser\u00e1 dia 20, na sede social da ASE, o grito de carnaval com a Banda Daki. O grande baile do Reinado de Momo retorna dia 8 de fevereiro, no UniverShow.<\/p>\n<p style=\"text-align: center;\"><img decoding=\"async\" class=\" size-full wp-image-88907\" src=\"http:\/\/diarioregionaljf.com.br\/wp-content\/uploads\/2018\/01\/diario-int-22799-1.jpg\" alt=\"fotoa.jpg\" width=\"680\" style=\"display: block; margin-left: auto; margin-right: auto;\" srcset=\"https:\/\/diarioregionaldigital.com.br\/wp-content\/uploads\/2018\/01\/diario-int-22799-1.jpg 680w, https:\/\/diarioregionaldigital.com.br\/wp-content\/uploads\/2018\/01\/diario-int-22799-1-300x199.jpg 300w, https:\/\/diarioregionaldigital.com.br\/wp-content\/uploads\/2018\/01\/diario-int-22799-1-360x238.jpg 360w\" sizes=\"(max-width: 680px) 100vw, 680px\" \/>A modelo do ano 2018, Yasmin Marinho, em cena transatl\u00e2ntico em Angra dos Reis<\/p>\n<p style=\"text-align: center;\"><img decoding=\"async\" class=\" size-full wp-image-88908\" src=\"http:\/\/diarioregionaljf.com.br\/wp-content\/uploads\/2018\/01\/diario-int-22799-2.jpg\" alt=\"fotoaa.jpg\" width=\"680\" style=\"display: block; margin-left: auto; margin-right: auto;\" srcset=\"https:\/\/diarioregionaldigital.com.br\/wp-content\/uploads\/2018\/01\/diario-int-22799-2.jpg 680w, https:\/\/diarioregionaldigital.com.br\/wp-content\/uploads\/2018\/01\/diario-int-22799-2-300x199.jpg 300w, https:\/\/diarioregionaldigital.com.br\/wp-content\/uploads\/2018\/01\/diario-int-22799-2-360x238.jpg 360w\" sizes=\"(max-width: 680px) 100vw, 680px\" \/>O empres\u00e1rio Marcio Marques, glorioso na Praia de Ipanema, no Rio<\/p>\n<p style=\"text-align: center;\"><img decoding=\"async\" class=\" size-full wp-image-88909\" src=\"http:\/\/diarioregionaljf.com.br\/wp-content\/uploads\/2018\/01\/diario-int-22799-3.jpg\" alt=\"fotob.jpg\" width=\"680\" style=\"display: block; margin-left: auto; margin-right: auto;\" srcset=\"https:\/\/diarioregionaldigital.com.br\/wp-content\/uploads\/2018\/01\/diario-int-22799-3.jpg 673w, https:\/\/diarioregionaldigital.com.br\/wp-content\/uploads\/2018\/01\/diario-int-22799-3-300x201.jpg 300w, https:\/\/diarioregionaldigital.com.br\/wp-content\/uploads\/2018\/01\/diario-int-22799-3-360x241.jpg 360w\" sizes=\"(max-width: 673px) 100vw, 673px\" \/>Comemorando o sucesso da MultSa\u00fade Benef\u00edcios, a pole-position Marcelle Oliveira e seus consultores, Marcelo Rother e Maur\u00edcio Ramos<\/p>\n<p style=\"text-align: center;\"><img decoding=\"async\" class=\" size-full wp-image-88910\" src=\"http:\/\/diarioregionaljf.com.br\/wp-content\/uploads\/2018\/01\/diario-int-22799-4.png\" alt=\"fotobb.png\" width=\"680\" style=\"display: block; margin-left: auto; margin-right: auto;\" srcset=\"https:\/\/diarioregionaldigital.com.br\/wp-content\/uploads\/2018\/01\/diario-int-22799-4.png 680w, https:\/\/diarioregionaldigital.com.br\/wp-content\/uploads\/2018\/01\/diario-int-22799-4-300x198.png 300w, https:\/\/diarioregionaldigital.com.br\/wp-content\/uploads\/2018\/01\/diario-int-22799-4-360x238.png 360w\" sizes=\"(max-width: 680px) 100vw, 680px\" \/>Amigos queridos no almo\u00e7o do Momento Caff\u00e9, Andr\u00e9 Manoel, Fernando Toledo, Vin\u00edcius Martins e Rodrigo Bissoli<\/p>\n<p style=\"text-align: center;\"><img decoding=\"async\" class=\" size-full wp-image-88911\" src=\"http:\/\/diarioregionaljf.com.br\/wp-content\/uploads\/2018\/01\/diario-int-22799-5.jpg\" alt=\"fotoc.jpg\" width=\"680\" style=\"display: block; margin-left: auto; margin-right: auto;\" srcset=\"https:\/\/diarioregionaldigital.com.br\/wp-content\/uploads\/2018\/01\/diario-int-22799-5.jpg 680w, https:\/\/diarioregionaldigital.com.br\/wp-content\/uploads\/2018\/01\/diario-int-22799-5-300x199.jpg 300w, https:\/\/diarioregionaldigital.com.br\/wp-content\/uploads\/2018\/01\/diario-int-22799-5-360x238.jpg 360w\" sizes=\"(max-width: 680px) 100vw, 680px\" \/>No Restaurante Card\u00e1pio Mineiro, no Espa\u00e7o Mascarenhas, as locomotivas, S\u00f4nia Zoauin e Beth Urgal<\/p>\n<p style=\"text-align: center;\"><img decoding=\"async\" class=\" size-full wp-image-88912\" src=\"http:\/\/diarioregionaljf.com.br\/wp-content\/uploads\/2018\/01\/diario-int-22799-6.jpg\" alt=\"fotod.jpg\" width=\"680\" style=\"display: block; margin-left: auto; margin-right: auto;\" srcset=\"https:\/\/diarioregionaldigital.com.br\/wp-content\/uploads\/2018\/01\/diario-int-22799-6.jpg 680w, https:\/\/diarioregionaldigital.com.br\/wp-content\/uploads\/2018\/01\/diario-int-22799-6-300x198.jpg 300w, https:\/\/diarioregionaldigital.com.br\/wp-content\/uploads\/2018\/01\/diario-int-22799-6-360x238.jpg 360w\" sizes=\"(max-width: 680px) 100vw, 680px\" \/>Curtindo a noitada do Pluri Bistr\u00f4, Toinho Gomes, Juliane e Ronaldo Miana<\/p>\n<p style=\"text-align: center;\"><img decoding=\"async\" class=\" size-full wp-image-88913\" src=\"http:\/\/diarioregionaljf.com.br\/wp-content\/uploads\/2018\/01\/diario-int-22799-7.jpg\" alt=\"fotoe.jpg\" width=\"680\" style=\"display: block; margin-left: auto; margin-right: auto;\" srcset=\"https:\/\/diarioregionaldigital.com.br\/wp-content\/uploads\/2018\/01\/diario-int-22799-7.jpg 680w, https:\/\/diarioregionaldigital.com.br\/wp-content\/uploads\/2018\/01\/diario-int-22799-7-266x300.jpg 266w, https:\/\/diarioregionaldigital.com.br\/wp-content\/uploads\/2018\/01\/diario-int-22799-7-360x407.jpg 360w\" sizes=\"(max-width: 680px) 100vw, 680px\" \/>Gera\u00e7\u00e3o dourada desfila nas baladas do Muzik e Privil\u00e9ge com Pedro Henrique Santiago Lima<\/p>\n<p style=\"text-align: center;\"><img decoding=\"async\" class=\" size-full wp-image-88914\" src=\"http:\/\/diarioregionaljf.com.br\/wp-content\/uploads\/2018\/01\/diario-int-22799-8.jpg\" alt=\"fotof.jpg\" width=\"680\" style=\"display: block; margin-left: auto; margin-right: auto;\" srcset=\"https:\/\/diarioregionaldigital.com.br\/wp-content\/uploads\/2018\/01\/diario-int-22799-8.jpg 680w, https:\/\/diarioregionaldigital.com.br\/wp-content\/uploads\/2018\/01\/diario-int-22799-8-300x199.jpg 300w, https:\/\/diarioregionaldigital.com.br\/wp-content\/uploads\/2018\/01\/diario-int-22799-8-360x238.jpg 360w\" sizes=\"(max-width: 680px) 100vw, 680px\" \/>Curtindo Marata\u00edzes, Juber Pac\u00edfico e Rhuan Fontes<\/p>\n<p style=\"text-align: center;\"><img decoding=\"async\" class=\" size-full wp-image-88915\" src=\"http:\/\/diarioregionaljf.com.br\/wp-content\/uploads\/2018\/01\/diario-int-22799-9.jpg\" alt=\"fotoff.jpg\" width=\"680\" style=\"display: block; margin-left: auto; margin-right: auto;\" srcset=\"https:\/\/diarioregionaldigital.com.br\/wp-content\/uploads\/2018\/01\/diario-int-22799-9.jpg 680w, https:\/\/diarioregionaldigital.com.br\/wp-content\/uploads\/2018\/01\/diario-int-22799-9-300x199.jpg 300w, https:\/\/diarioregionaldigital.com.br\/wp-content\/uploads\/2018\/01\/diario-int-22799-9-360x238.jpg 360w\" sizes=\"(max-width: 680px) 100vw, 680px\" \/>Iniciando com alto astral no Di\u00e1rio Regional On-line, a publicit\u00e1ria Ruyara Pianta e o colunista Eduardo Gomes<\/p>\n<p style=\"text-align: center;\"><img decoding=\"async\" class=\" size-full wp-image-88916\" src=\"http:\/\/diarioregionaljf.com.br\/wp-content\/uploads\/2018\/01\/diario-int-22799-10.jpg\" alt=\"fotog.jpg\" width=\"680\" style=\"display: block; margin-left: auto; margin-right: auto;\" srcset=\"https:\/\/diarioregionaldigital.com.br\/wp-content\/uploads\/2018\/01\/diario-int-22799-10.jpg 680w, https:\/\/diarioregionaldigital.com.br\/wp-content\/uploads\/2018\/01\/diario-int-22799-10-300x195.jpg 300w, https:\/\/diarioregionaldigital.com.br\/wp-content\/uploads\/2018\/01\/diario-int-22799-10-360x233.jpg 360w\" sizes=\"(max-width: 680px) 100vw, 680px\" \/>No R\u00e9veillon de Copacabana, o bonito Matteus Fernandes fez sucesso e abalou<\/p>\n<p style=\"text-align: center;\"><img decoding=\"async\" class=\" size-full wp-image-88917\" src=\"http:\/\/diarioregionaljf.com.br\/wp-content\/uploads\/2018\/01\/diario-int-22799-11.jpg\" alt=\"fotoh.jpg\" width=\"680\" style=\"display: block; margin-left: auto; margin-right: auto;\" srcset=\"https:\/\/diarioregionaldigital.com.br\/wp-content\/uploads\/2018\/01\/diario-int-22799-11.jpg 680w, https:\/\/diarioregionaldigital.com.br\/wp-content\/uploads\/2018\/01\/diario-int-22799-11-300x169.jpg 300w, https:\/\/diarioregionaldigital.com.br\/wp-content\/uploads\/2018\/01\/diario-int-22799-11-360x203.jpg 360w\" sizes=\"(max-width: 680px) 100vw, 680px\" \/>Aniversariando Zez\u00e9 do Pandeiro comemorou com a mulher Neide Almada, na Chimarrom<\/p>\n<p style=\"text-align: center;\"><img decoding=\"async\" class=\" size-full wp-image-88918\" src=\"http:\/\/diarioregionaljf.com.br\/wp-content\/uploads\/2018\/01\/diario-int-22799-12.jpg\" alt=\"fotoi.jpg\" width=\"680\" style=\"display: block; margin-left: auto; margin-right: auto;\" srcset=\"https:\/\/diarioregionaldigital.com.br\/wp-content\/uploads\/2018\/01\/diario-int-22799-12.jpg 680w, https:\/\/diarioregionaldigital.com.br\/wp-content\/uploads\/2018\/01\/diario-int-22799-12-300x169.jpg 300w, https:\/\/diarioregionaldigital.com.br\/wp-content\/uploads\/2018\/01\/diario-int-22799-12-360x202.jpg 360w\" sizes=\"(max-width: 680px) 100vw, 680px\" \/>Glorioso no Salgueiro no fim do ano, Beto Souza<\/p>\n<p style=\"text-align: center;\"><img decoding=\"async\" class=\" size-full wp-image-88919\" src=\"http:\/\/diarioregionaljf.com.br\/wp-content\/uploads\/2018\/01\/diario-int-22799-13.jpg\" alt=\"fotoj.jpg\" width=\"680\" style=\"display: block; margin-left: auto; margin-right: auto;\" srcset=\"https:\/\/diarioregionaldigital.com.br\/wp-content\/uploads\/2018\/01\/diario-int-22799-13.jpg 680w, https:\/\/diarioregionaldigital.com.br\/wp-content\/uploads\/2018\/01\/diario-int-22799-13-300x199.jpg 300w, https:\/\/diarioregionaldigital.com.br\/wp-content\/uploads\/2018\/01\/diario-int-22799-13-360x238.jpg 360w\" sizes=\"(max-width: 680px) 100vw, 680px\" \/>Em Resende (RJ), fazendo a festa, o lindo casal Rodrigo Brito e Renata Freguglia<\/p>\n<p style=\"text-align: center;\"><img decoding=\"async\" class=\" size-full wp-image-88920\" src=\"http:\/\/diarioregionaljf.com.br\/wp-content\/uploads\/2018\/01\/diario-int-22799-14.jpg\" alt=\"fotol.jpg\" width=\"680\" style=\"display: block; margin-left: auto; margin-right: auto;\" srcset=\"https:\/\/diarioregionaldigital.com.br\/wp-content\/uploads\/2018\/01\/diario-int-22799-14.jpg 680w, https:\/\/diarioregionaldigital.com.br\/wp-content\/uploads\/2018\/01\/diario-int-22799-14-300x221.jpg 300w, https:\/\/diarioregionaldigital.com.br\/wp-content\/uploads\/2018\/01\/diario-int-22799-14-360x265.jpg 360w\" sizes=\"(max-width: 680px) 100vw, 680px\" \/>Fazendo um brinde para esta coluna no Rio, Ivanir Ferreira<\/p>\n<p class=\"h4\" style=\"text-align: center;\">FOTOSS\u00cdNTESE<\/p>\n<p>Aniversariando neste domingo, 7, o compositor Zez\u00e9 do Pandeiro, ao lado da mulher Neide Almada, recebe para churrasco e muito samba no Bar do Ol\u00edmpico.<\/p>\n<p>Curtindo o ver\u00e3o no Rio de Janeiro, o m\u00e9dico Miguel Eduardo, Giselle Rezende, o advogado Alexandre Lenilson Fonseca e o militar PM Vin\u00edcius Ciribelli.<\/p>\n<p>Para o s\u00e1bado 11 de fevereiro, o trio The Miss\u00e3o formado por Henrique Glanzmann (Guitarra e voz), Marcello Temponi (bateria e voz) e M\u00e1rio Turatti (baixo) estar\u00e3o apresentando o melhor do Pop e Classic Rock, no Trem Mineiro Chopperia, em S\u00e3o Pedro. Apoio da Fio a Fio.<\/p>\n<p>A diva Sandra Portella estar\u00e1 cantando e dando entrevista neste domingo, 7, no Programa Samba Social Clube, na R\u00e1dio SulAm\u00e9rica FM, 95,7, a convite de Carlinhos de Jesus.<\/p>\n<p>O estudante de Economia da UFJF, Bruno Viana est\u00e1 passando temporada em Dublin, na Irlanda.<\/p>\n<p>Curtindo as del\u00edcias de Jericoacoara no Cear\u00e1 o jovem Wesley Soares. Em Arma\u00e7\u00e3o de B\u00fazios, Diogo Borges.<\/p>\n<p>Direto da Su\u00ed\u00e7a fugindo do inverno, Vera Alice e o marido Carlo Tam est\u00e3o passando temporada de ver\u00e3o no Rio e depois chegam a Juiz de Fora.<\/p>\n<p>Em estilo samba total, vai bombar nesta 2\u00aa feira, 8, a Resenha de Segunda com a Esta\u00e7\u00e3o Primeira de Mangueira, no Ol\u00edmpico Atl\u00e9tico Clube, \u00e0s 17h.<\/p>\n<p>Allan J\u00fanior passa temporada de ver\u00e3o no ap\u00ea da av\u00f3 Maria L\u00facia Saraiva, na Av. Atl\u00e2ntica, no Rio de Janeiro. Maria Rita Gomes da Rocha e o marido Roberto Lu\u00eds da Rocha tamb\u00e9m curtem o ap\u00ea em Copacabana.<\/p>\n<p>Deu Juiz de Fora na administra\u00e7\u00e3o a\u00e9rea: a empresa local AMD, venceu a licita\u00e7\u00e3o do Aeroporto da Serrinha.<\/p>\n<p>O Museu Mariano Proc\u00f3pio, que \u00e9 um ponto tur\u00edstico de Juiz de Fora, est\u00e1 fechado. S\u00f3 ser\u00e1 reaberto quando o resultado de exame sobre a causa da morte do macaco for divulgada.<\/p>\n<p>A loja M. Marques, no Braz Shopping, 1\u00ba piso, est\u00e1 com lindos modelitos para ele e para ela para a temporada ver\u00e3o. As roupas coloridas em forma de short e camisas para eles \u00e9 sensa\u00e7\u00e3o nos quatro cantos da cidade.<\/p>\n<p>Para clicar: A cor mais bonita que a pessoa pode ter \u00e9 a transpar\u00eancia. Tome nota.<\/p>\n","protected":false},"excerpt":{"rendered":"<p>AlertaMotivo de desconfian\u00e7a, est\u00e1 parada a venda dos 47% da Petrobras na Braskem. Motivo: as complica\u00e7\u00f5es para negociar uma empresa que tem como s\u00f3cia a Odebrecht, cujas encrencas ningu\u00e9m sabe se foram todas reveladas. ShowElogiad\u00edssimo em sua carreira, o escritor Luiz Rufatto foi homenageado com almo\u00e7o e uma placa em sala do Restaurante Berttu\u2019s, integrando [&hellip;]<\/p>\n","protected":false},"author":96,"featured_media":88906,"comment_status":"closed","ping_status":"closed","sticky":false,"template":"","format":"standard","meta":{"footnotes":""},"categories":[264],"tags":[],"class_list":["post-88921","post","type-post","status-publish","format-standard","has-post-thumbnail","hentry","category-eduardo-gomes"],"_links":{"self":[{"href":"https:\/\/diarioregionaldigital.com.br\/index.php?rest_route=\/wp\/v2\/posts\/88921","targetHints":{"allow":["GET"]}}],"collection":[{"href":"https:\/\/diarioregionaldigital.com.br\/index.php?rest_route=\/wp\/v2\/posts"}],"about":[{"href":"https:\/\/diarioregionaldigital.com.br\/index.php?rest_route=\/wp\/v2\/types\/post"}],"author":[{"embeddable":true,"href":"https:\/\/diarioregionaldigital.com.br\/index.php?rest_route=\/wp\/v2\/users\/96"}],"replies":[{"embeddable":true,"href":"https:\/\/diarioregionaldigital.com.br\/index.php?rest_route=%2Fwp%2Fv2%2Fcomments&post=88921"}],"version-history":[{"count":0,"href":"https:\/\/diarioregionaldigital.com.br\/index.php?rest_route=\/wp\/v2\/posts\/88921\/revisions"}],"wp:featuredmedia":[{"embeddable":true,"href":"https:\/\/diarioregionaldigital.com.br\/index.php?rest_route=\/wp\/v2\/media\/88906"}],"wp:attachment":[{"href":"https:\/\/diarioregionaldigital.com.br\/index.php?rest_route=%2Fwp%2Fv2%2Fmedia&parent=88921"}],"wp:term":[{"taxonomy":"category","embeddable":true,"href":"https:\/\/diarioregionaldigital.com.br\/index.php?rest_route=%2Fwp%2Fv2%2Fcategories&post=88921"},{"taxonomy":"post_tag","embeddable":true,"href":"https:\/\/diarioregionaldigital.com.br\/index.php?rest_route=%2Fwp%2Fv2%2Ftags&post=88921"}],"curies":[{"name":"wp","href":"https:\/\/api.w.org\/{rel}","templated":true}]}}