{"id":88903,"date":"2018-01-05T22:33:35","date_gmt":"2018-01-06T00:33:35","guid":{"rendered":"http:\/\/diarioregionaljf.com.br\/2018\/01\/05\/incendio-em-santos-deixa-quatro-pessoas-feridas-e-ao-menos-124-desalojadas\/"},"modified":"2018-01-05T22:33:35","modified_gmt":"2018-01-06T00:33:35","slug":"incendio-em-santos-deixa-quatro-pessoas-feridas-e-ao-menos-124-desalojadas","status":"publish","type":"post","link":"https:\/\/diarioregionaldigital.com.br\/?p=88903","title":{"rendered":"Inc\u00eandio em Santos deixa quatro pessoas feridas e ao menos 124 desalojadas"},"content":{"rendered":"<p>Quatro pessoas ficaram feridas em um inc\u00eandio de grandes propor\u00e7\u00f5es que atingiu hoje, 5, a comunidade Caminho S\u00e3o Sebasti\u00e3o, em Santos, no litoral paulista. O Corpo de Bombeiros foi acionado por volta das 16h15 e as chamas foram controladas cerca de uma hora depois. A opera\u00e7\u00e3o est\u00e1 em fase de rescaldo.<\/p>\n<p>De acordo com a prefeitura de Santos, cerca de 60 a 80 barracos foram atingidos pelo fogo. Por volta das 18h30, as equipes da Assist\u00eancia Social e da Defesa Civil j\u00e1 haviam feito o cadastro de 124 pessoas desalojadas.<\/p>\n<p>Os feridos foram levados ao pronto-socorro, mas nenhum em estado grave. Entre eles, tr\u00eas s\u00e3o mulheres, mas n\u00e3o apresentavam sinais de queimadura ou dificuldade respirat\u00f3ria, segundo informou a prefeitura. A quarta v\u00edtima \u00e9 um homem de 37 anos que teve um corte no p\u00e9.<\/p>\n<p>&nbsp;<\/p>\n<p>Fonte: Ag\u00eancia Brasil<\/p>\n","protected":false},"excerpt":{"rendered":"<p>Quatro pessoas ficaram feridas em um inc\u00eandio de grandes propor\u00e7\u00f5es que atingiu hoje, 5, a comunidade Caminho S\u00e3o Sebasti\u00e3o, em Santos, no litoral paulista. O Corpo de Bombeiros foi acionado por volta das 16h15 e as chamas foram controladas cerca de uma hora depois. A opera\u00e7\u00e3o est\u00e1 em fase de rescaldo. De acordo com a [&hellip;]<\/p>\n","protected":false},"author":96,"featured_media":88902,"comment_status":"closed","ping_status":"closed","sticky":false,"template":"","format":"standard","meta":{"footnotes":""},"categories":[302],"tags":[],"class_list":["post-88903","post","type-post","status-publish","format-standard","has-post-thumbnail","hentry","category-brasil-mundo"],"_links":{"self":[{"href":"https:\/\/diarioregionaldigital.com.br\/index.php?rest_route=\/wp\/v2\/posts\/88903","targetHints":{"allow":["GET"]}}],"collection":[{"href":"https:\/\/diarioregionaldigital.com.br\/index.php?rest_route=\/wp\/v2\/posts"}],"about":[{"href":"https:\/\/diarioregionaldigital.com.br\/index.php?rest_route=\/wp\/v2\/types\/post"}],"author":[{"embeddable":true,"href":"https:\/\/diarioregionaldigital.com.br\/index.php?rest_route=\/wp\/v2\/users\/96"}],"replies":[{"embeddable":true,"href":"https:\/\/diarioregionaldigital.com.br\/index.php?rest_route=%2Fwp%2Fv2%2Fcomments&post=88903"}],"version-history":[{"count":0,"href":"https:\/\/diarioregionaldigital.com.br\/index.php?rest_route=\/wp\/v2\/posts\/88903\/revisions"}],"wp:featuredmedia":[{"embeddable":true,"href":"https:\/\/diarioregionaldigital.com.br\/index.php?rest_route=\/wp\/v2\/media\/88902"}],"wp:attachment":[{"href":"https:\/\/diarioregionaldigital.com.br\/index.php?rest_route=%2Fwp%2Fv2%2Fmedia&parent=88903"}],"wp:term":[{"taxonomy":"category","embeddable":true,"href":"https:\/\/diarioregionaldigital.com.br\/index.php?rest_route=%2Fwp%2Fv2%2Fcategories&post=88903"},{"taxonomy":"post_tag","embeddable":true,"href":"https:\/\/diarioregionaldigital.com.br\/index.php?rest_route=%2Fwp%2Fv2%2Ftags&post=88903"}],"curies":[{"name":"wp","href":"https:\/\/api.w.org\/{rel}","templated":true}]}}