{"id":88901,"date":"2018-01-05T22:25:10","date_gmt":"2018-01-06T00:25:10","guid":{"rendered":"http:\/\/diarioregionaljf.com.br\/2018\/01\/05\/temer-veta-integralmente-refis-das-micro-e-pequenas-empresas\/"},"modified":"2018-01-05T22:25:10","modified_gmt":"2018-01-06T00:25:10","slug":"temer-veta-integralmente-refis-das-micro-e-pequenas-empresas","status":"publish","type":"post","link":"https:\/\/diarioregionaldigital.com.br\/?p=88901","title":{"rendered":"Temer veta integralmente Refis das micro e pequenas empresas"},"content":{"rendered":"<p>O presidente Michel Temer vetou integralmente o projeto que institu\u00eda o programa de refinanciamento para micro e pequenas empresas &#8211; o Refis das micro e pequenas empresas. A justificativa \u00e9 que a medida fere a Lei de Responsabilidade Fiscal ao n\u00e3o prever a origem dos recursos que cobririam os descontos aplicados a multas e juros com o parcelamento das d\u00edvidas.<\/p>\n<p>A decis\u00e3o foi tomada nesta sexta-feira, 5, pelo Pal\u00e1cio do Planalto e comunicada diretamente por Temer ao presidente do Sebrae, Guilherme Afif Domingos, com quem se encontrou em S\u00e3o Paulo, em agenda privada. O objetivo da institui\u00e7\u00e3o, por\u00e9m, \u00e9 trabalhar para que o Congresso Nacional derrube o veto presidencial enquanto o minist\u00e9rio da Fazenda estuda uma solu\u00e7\u00e3o para o impasse econ\u00f4mico da medida.<\/p>\n<p>\u201cO Refis foi aprovado com ampla maioria. O veto n\u00e3o \u00e9 por quest\u00f5es pol\u00edticas, mas um veto por quest\u00f5es t\u00e9cnicas. Sanado o problema, a vontade pol\u00edtica continua\u201d, argumentou Afif Domingos, em comunicado enviado pela assessoria de imprensa do Sebrae. Em dezembro, ap\u00f3s se reunir com Temer, o empres\u00e1rio garantiu que o projeto seria sancionado.<\/p>\n<p>Segundo Afif, a equipe econ\u00f4mica do governo vai estudar os impactos or\u00e7ament\u00e1rios do chamado Programa Especial de Regulariza\u00e7\u00e3o Tribut\u00e1ria das Microempresas e Empresas de Pequeno Porte.<\/p>\n<p>&nbsp;<\/p>\n<h4>PROJETO<\/h4>\n<p>Aprovado em dezembro pela C\u00e2mara e pelo Senado, o programa concede descontos de juros, multas e encargos com o objetivo de facilitar e parcelar o pagamento dos d\u00e9bitos de micro e pequenas empresas, desde que 5% do valor total seja pago em esp\u00e9cie, sem desconto, em at\u00e9 cinco parcelas mensais.<\/p>\n<p>O restante da d\u00edvida poderia ser pago em at\u00e9 15 anos. A ades\u00e3o inclu\u00eda d\u00e9bitos vencidos at\u00e9 novembro de 2017. Se n\u00e3o fosse vetado, os empres\u00e1rios poderiam participar do programa em at\u00e9 tr\u00eas meses ap\u00f3s entrada em vigor da lei.<\/p>\n<p>&nbsp;<\/p>\n<h4>CONDI\u00c7\u00d5ES ATUAIS<\/h4>\n<p>Como a decis\u00e3o sobre a derrubada do veto ocorrer\u00e1 somente ap\u00f3s o fim do recesso parlamentar, em fevereiro, o Sebrae orienta as micro e pequenas empresas a procurarem a Receita Federal, at\u00e9 o fim deste m\u00eas, para negociar o parcelamento de d\u00e9bitos tribut\u00e1rios, para que n\u00e3o sejam eliminadas do Simples Nacional.<\/p>\n<p>\u201cAs empresas t\u00eam at\u00e9 o dia 31 de janeiro para solicitar o refinanciamento nas condi\u00e7\u00f5es antigas, que n\u00e3o s\u00e3o t\u00e3o favor\u00e1veis. E precisam aguardar o m\u00eas de fevereiro, quando o Congresso dever\u00e1 derrubar esse veto. Com isso, as empresas poder\u00e3o migrar para uma condi\u00e7\u00e3o mais favor\u00e1vel de parcelamento e continuar no regime\u201d, afirmou o presidente do Sebrae.<\/p>\n<p>Segundo o \u00f3rg\u00e3o, o Refis deve beneficiar cerca de 600 mil empresas brasileiras que devem cerca de R$20 bilh\u00f5es \u00e0 Uni\u00e3o.<\/p>\n<p>&nbsp;<\/p>\n<p>Fonte: Ag\u00eancia Brasil<\/p>\n","protected":false},"excerpt":{"rendered":"<p>O presidente Michel Temer vetou integralmente o projeto que institu\u00eda o programa de refinanciamento para micro e pequenas empresas &#8211; o Refis das micro e pequenas empresas. A justificativa \u00e9 que a medida fere a Lei de Responsabilidade Fiscal ao n\u00e3o prever a origem dos recursos que cobririam os descontos aplicados a multas e juros [&hellip;]<\/p>\n","protected":false},"author":96,"featured_media":88900,"comment_status":"closed","ping_status":"closed","sticky":false,"template":"","format":"standard","meta":{"footnotes":""},"categories":[261],"tags":[],"class_list":["post-88901","post","type-post","status-publish","format-standard","has-post-thumbnail","hentry","category-economia"],"_links":{"self":[{"href":"https:\/\/diarioregionaldigital.com.br\/index.php?rest_route=\/wp\/v2\/posts\/88901","targetHints":{"allow":["GET"]}}],"collection":[{"href":"https:\/\/diarioregionaldigital.com.br\/index.php?rest_route=\/wp\/v2\/posts"}],"about":[{"href":"https:\/\/diarioregionaldigital.com.br\/index.php?rest_route=\/wp\/v2\/types\/post"}],"author":[{"embeddable":true,"href":"https:\/\/diarioregionaldigital.com.br\/index.php?rest_route=\/wp\/v2\/users\/96"}],"replies":[{"embeddable":true,"href":"https:\/\/diarioregionaldigital.com.br\/index.php?rest_route=%2Fwp%2Fv2%2Fcomments&post=88901"}],"version-history":[{"count":0,"href":"https:\/\/diarioregionaldigital.com.br\/index.php?rest_route=\/wp\/v2\/posts\/88901\/revisions"}],"wp:featuredmedia":[{"embeddable":true,"href":"https:\/\/diarioregionaldigital.com.br\/index.php?rest_route=\/wp\/v2\/media\/88900"}],"wp:attachment":[{"href":"https:\/\/diarioregionaldigital.com.br\/index.php?rest_route=%2Fwp%2Fv2%2Fmedia&parent=88901"}],"wp:term":[{"taxonomy":"category","embeddable":true,"href":"https:\/\/diarioregionaldigital.com.br\/index.php?rest_route=%2Fwp%2Fv2%2Fcategories&post=88901"},{"taxonomy":"post_tag","embeddable":true,"href":"https:\/\/diarioregionaldigital.com.br\/index.php?rest_route=%2Fwp%2Fv2%2Ftags&post=88901"}],"curies":[{"name":"wp","href":"https:\/\/api.w.org\/{rel}","templated":true}]}}