{"id":88899,"date":"2018-01-05T21:46:02","date_gmt":"2018-01-05T23:46:02","guid":{"rendered":"http:\/\/diarioregionaljf.com.br\/2018\/01\/05\/prefeito-bruno-siqueira-avalia-2017-e-projeta-metas-para-o-futuro\/"},"modified":"2018-01-05T21:46:02","modified_gmt":"2018-01-05T23:46:02","slug":"prefeito-bruno-siqueira-avalia-2017-e-projeta-metas-para-o-futuro","status":"publish","type":"post","link":"https:\/\/diarioregionaldigital.com.br\/?p=88899","title":{"rendered":"Prefeito Bruno Siqueira avalia 2017 e projeta metas para o futuro"},"content":{"rendered":"<p>\u201cCriatividade\u201d. Essa \u00e9 a palavra que define, segundo o Prefeito Bruno Siqueira (PMDB), as estrat\u00e9gias adotadas pela Prefeitura de Juiz de Fora (PJF), em 2017, para driblar a crise econ\u00f4mica que atinge n\u00e3o s\u00f3 o munic\u00edpio, mas o pa\u00eds como um todo. Durante participa\u00e7\u00e3o no programa Mesa de Debates da Televis\u00e3o Educativa Juiz de Fora (TVE\/JF), exibido na sexta-feira, 5, o prefeito fez quest\u00e3o de avaliar os cinco anos \u00e0 frente da Prefeitura, per\u00edodo marcado por queda na arrecada\u00e7\u00e3o municipal.<\/p>\n<p>\u201cA redu\u00e7\u00e3o se iniciou em 2014, quando a crise atingiu o pa\u00eds. As pessoas n\u00e3o percebiam a instabilidade em virtude do per\u00edodo eleitoral, mas n\u00f3s j\u00e1 sent\u00edamos queda na arrecada\u00e7\u00e3o, principalmente sobre o Imposto sobre Circula\u00e7\u00e3o de Mercadorias e Servi\u00e7os (ICMS) que vem do Estado. Isso se traduziu a um Produto Interno Bruto (PIB) com crescimento zero em 2014, e, posteriormente em 2015, o percentual de queda foi de 3,8% e, em 2016, redu\u00e7\u00e3o de mais 3,6%\u201d, lembrou.<\/p>\n<p>Por isso, apostar na reinven\u00e7\u00e3o foi a forma de encontrar o equil\u00edbrio. \u201cA criatividade foi o discurso adotado no momento que o estado de Minas passa por uma das maiores crises financeiras, que consequentemente nos afetou. O recurso da sa\u00fade, por exemplo, n\u00e3o depende somente do munic\u00edpio. Ele conta com ajuda dos governos estadual e federal, por\u00e9m, convivemos com um represamento do repasse muito grande. Se voltarmos no tempo, em dezembro do ano passado, algo in\u00e9dito aconteceu. O Estado atrasou o repasse do ICMS arrecadado para os munic\u00edpios mineiros, verba que geralmente \u00e9 depositada semanalmente, e que s\u00f3 chegou a Juiz de Fora no dia 30, quando os bancos estavam fechados. Fator este que impossibilitou a utiliza\u00e7\u00e3o do recurso para custear as despesas da m\u00e1quina administrativa\u201d, revelou Siqueira, alegando que a utiliza\u00e7\u00e3o do dinheiro s\u00f3 foi poss\u00edvel na \u00faltima semana, quando tamb\u00e9m foram pagos os sal\u00e1rios dos servidores p\u00fablicos.<\/p>\n<p>SA\u00daDE<\/p>\n<p>Apesar de estar com o ICMS em dia, o prefeito contou que os repasses para servi\u00e7os de sa\u00fade e do Fundo de Desenvolvimento da Educa\u00e7\u00e3o B\u00e1sica (Fundeb) estimado em mais de R$1 bilh\u00e3o, tamb\u00e9m est\u00e3o atrasados. \u201cO repasse do estado est\u00e1 defasado, o que gera grande problema na presta\u00e7\u00e3o do servi\u00e7o\u201d, disse. Por falar em sa\u00fade, Siqueira afirmou que foram adotadas diversas medidas ao longo do mandato para melhorar o atendimento na Aten\u00e7\u00e3o Prim\u00e1ria. O Plano Diretor da Aten\u00e7\u00e3o Prim\u00e1ria \u00e0 Sa\u00fade (PDAPS), lan\u00e7ado em 2014, que normatiza e regulamenta a Aten\u00e7\u00e3o Prim\u00e1ria \u00e9 uma delas, al\u00e9m das parcerias firmadas com hospitais privados para otimizar o atendimento e desafogar as unidades p\u00fablicas.<\/p>\n<p>LIRAA 2017 \u00c9 POSITIVO, MAS DOEN\u00c7AS AINDA PREOCUPAM<\/p>\n<p>Siqueira analisou como satisfat\u00f3rio o Levantamento do \u00cdndice R\u00e1pido do Aedes aegypti (Liraa) de 0,7%, realizado em outubro de 2017, mas frisou que ainda sim o futuro pode ser preocupante. \u201cQuando temos um ano tranquilo como o passado, temos a falsa sensa\u00e7\u00e3o de que o problema est\u00e1 controlado, mas esta n\u00e3o \u00e9 a realidade. Em 2016, tivemos grave epidemia em todo o estado. Foram mais de 500 mil casos sendo que 40 mil eram de Juiz de Fora. O \u00faltimo Liraa \u00e9 positivo, mas \u00e9 uma situa\u00e7\u00e3o que ainda precisa do apoio da popula\u00e7\u00e3o aliado aos trabalhos do poder p\u00fablico. Sabemos que mais de 80% dos focos est\u00e3o dentro das resid\u00eancias. Se cada um fizer a sua parte e tirar 10 minutos para vasculhar as casas, poderemos colher bons frutos. \u00c9 uma a\u00e7\u00e3o que precisa ser constante\u201d, avaliou.<\/p>\n<p>EDUCA\u00c7\u00c3O CONTINUA SENDO PRIORIDADE<\/p>\n<p>Prioridade na gest\u00e3o, a educa\u00e7\u00e3o continuar\u00e1 sendo foco neste ano. Para atender os cerca de 50 mil alunos da rede municipal, duas novas creches nos bairros Igrejinha e Nova Benfica, na regi\u00e3o Norte, devem ser conclu\u00eddas nos pr\u00f3ximos meses. \u201cEsperamos aprimorar os \u00edndices. Inclusive, temos um projeto, em fase embrion\u00e1ria, em que pretendemos implementar a chamada eletr\u00f4nica nos pr\u00f3ximos anos. Sabemos das dificuldades financeiras, mas essa ferramenta possibilitar\u00e1 para que os pais consultem a frequ\u00eancia dos filhos\u201d, adiantou.<\/p>\n<p>O prefeito tamb\u00e9m ressaltou a import\u00e2ncia do pol\u00eamico Plano Municipal de Educa\u00e7\u00e3o aprovado pela C\u00e2mara Municipal. \u201c\u00c9 importante e necess\u00e1rio para a transfer\u00eancia dos recursos que vem do Minist\u00e9rio da Educa\u00e7\u00e3o\u201d, afirmou.<\/p>\n<p>GERA\u00c7\u00c3O DE EMPREGOS<\/p>\n<p>Dados do Cadastro Geral de Empregados e Desempregados (Caged) mostram que, mesmo que lentamente, nos \u00faltimos meses de 2017, Juiz de Fora deu in\u00edcio \u00e0 recupera\u00e7\u00e3o de postos de trabalho, mas que ainda assim o acumulado do ano era negativo. Entretanto, o prefeito ressaltou que a Prefeitura tem agido para mudar a situa\u00e7\u00e3o.<\/p>\n<p>\u201cO site da PJF, www.seuempregojf.com.br, foi criado para fazer com que as pessoas identifiquem os postos de trabalho existentes. Neste momento, estamos trabalhando para atrair novas empresas. A expectativa \u00e9 que a maior f\u00e1brica de massas e biscoito da Am\u00e9rica Latina, M. Dias Branco, fa\u00e7a o investimento de mais de R$500 milh\u00f5es na cidade e gere empregos. Estive com o governador do estado, Fernando Pimentel (PT), que sinalizou positivamente para a constru\u00e7\u00e3o de uma estrada que ligaria a BR-040 at\u00e9 o local, onde ser\u00e1 instalada a ind\u00fastria. A empresa j\u00e1 adquiriu o terreno e pretende iniciar as obras em 2018\u201d, disse.<\/p>\n<p>SEGURAN\u00c7A P\u00daBLICA<\/p>\n<p>Siqueira reconheceu que a Prefeitura pode auxiliar o estado na manuten\u00e7\u00e3o da ordem p\u00fablica, mas admitiu que isso n\u00e3o pode ser de compet\u00eancia exclusiva do Executivo. \u201cA seguran\u00e7a precisa ser atuada por diversas frentes. O pa\u00eds precisa criar pol\u00edticas p\u00fablicas espec\u00edficas que combatam, por exemplo, o tr\u00e1fico de drogas, respons\u00e1vel pela maioria dos assassinatos nas cidades. \u00c9 uma a\u00e7\u00e3o conjunta, que re\u00fane governo federal, estadual e munic\u00edpio\u201d, reitera.<\/p>\n<p>ELEI\u00c7\u00d5ES 2018<\/p>\n<p>Questionado sobre uma poss\u00edvel candidatura a uma cadeira no Congresso Nacional, o prefeito se esquivou. \u201cEm 2016 eu dizia que estava preocupado em administrar a cidade e continuo com esse pensamento. Ainda estamos no in\u00edcio de 2018 e uma candidatura nas elei\u00e7\u00f5es estaduais n\u00e3o me preocupa. Tamb\u00e9m, ainda n\u00e3o discuti isso com o partido. \u00c9 futuro, que pode ser que aconte\u00e7a, mas repito, n\u00e3o estou preocupado nem analisando os fatores. A corrida eleitoral ainda est\u00e1 no in\u00edcio e n\u00e3o sabemos nem quais ser\u00e3o os candidatos \u00e0 presid\u00eancia. Essa \u00e9 uma quest\u00e3o importante, mas tem o seu momento oportuno\u201d, assegurou.<\/p>\n","protected":false},"excerpt":{"rendered":"<p>\u201cCriatividade\u201d. Essa \u00e9 a palavra que define, segundo o Prefeito Bruno Siqueira (PMDB), as estrat\u00e9gias adotadas pela Prefeitura de Juiz de Fora (PJF), em 2017, para driblar a crise econ\u00f4mica que atinge n\u00e3o s\u00f3 o munic\u00edpio, mas o pa\u00eds como um todo. Durante participa\u00e7\u00e3o no programa Mesa de Debates da Televis\u00e3o Educativa Juiz de Fora [&hellip;]<\/p>\n","protected":false},"author":96,"featured_media":0,"comment_status":"closed","ping_status":"closed","sticky":false,"template":"","format":"standard","meta":{"footnotes":""},"categories":[253],"tags":[],"class_list":["post-88899","post","type-post","status-publish","format-standard","hentry","category-cidade"],"_links":{"self":[{"href":"https:\/\/diarioregionaldigital.com.br\/index.php?rest_route=\/wp\/v2\/posts\/88899","targetHints":{"allow":["GET"]}}],"collection":[{"href":"https:\/\/diarioregionaldigital.com.br\/index.php?rest_route=\/wp\/v2\/posts"}],"about":[{"href":"https:\/\/diarioregionaldigital.com.br\/index.php?rest_route=\/wp\/v2\/types\/post"}],"author":[{"embeddable":true,"href":"https:\/\/diarioregionaldigital.com.br\/index.php?rest_route=\/wp\/v2\/users\/96"}],"replies":[{"embeddable":true,"href":"https:\/\/diarioregionaldigital.com.br\/index.php?rest_route=%2Fwp%2Fv2%2Fcomments&post=88899"}],"version-history":[{"count":0,"href":"https:\/\/diarioregionaldigital.com.br\/index.php?rest_route=\/wp\/v2\/posts\/88899\/revisions"}],"wp:attachment":[{"href":"https:\/\/diarioregionaldigital.com.br\/index.php?rest_route=%2Fwp%2Fv2%2Fmedia&parent=88899"}],"wp:term":[{"taxonomy":"category","embeddable":true,"href":"https:\/\/diarioregionaldigital.com.br\/index.php?rest_route=%2Fwp%2Fv2%2Fcategories&post=88899"},{"taxonomy":"post_tag","embeddable":true,"href":"https:\/\/diarioregionaldigital.com.br\/index.php?rest_route=%2Fwp%2Fv2%2Ftags&post=88899"}],"curies":[{"name":"wp","href":"https:\/\/api.w.org\/{rel}","templated":true}]}}