{"id":88893,"date":"2018-01-05T20:51:29","date_gmt":"2018-01-05T22:51:29","guid":{"rendered":"http:\/\/diarioregionaljf.com.br\/2018\/01\/05\/trends-janeiro-07\/"},"modified":"2018-01-05T20:51:29","modified_gmt":"2018-01-05T22:51:29","slug":"trends-janeiro-07","status":"publish","type":"post","link":"https:\/\/diarioregionaldigital.com.br\/?p=88893","title":{"rendered":"Trends"},"content":{"rendered":"<p style=\"text-align: center;\"><strong>Wrap Dress<\/strong><\/p>\n<p style=\"text-align: center;\">Os modelos cruzados est\u00e3o em alta, eles costumam ser acinturados, deixando o look mais elegante e feminino. Aposte nos modelos midi, que \u00e9 o comprimento da vez, e combine com um t\u00eanis para usar no dia a dia. Elegante e confort\u00e1vel!<\/p>\n<p style=\"text-align: center;\">\n<p>&nbsp;<\/p>\n<p style=\"text-align: center;\"><strong>Mom Jeans<\/strong><\/p>\n<p style=\"text-align: center;\">O modelo de jeans continua com tudo! No ver\u00e3o podem ser combinados a top croppeds, garantindo looks pra l\u00e1 de estilosos!<\/p>\n<p style=\"text-align: center;\">&nbsp;<\/p>\n<p style=\"text-align: center;\"><img loading=\"lazy\" decoding=\"async\" class=\" size-full wp-image-88888\" src=\"http:\/\/diarioregionaljf.com.br\/wp-content\/uploads\/2018\/01\/diario-int-22791-2.jpg\" alt=\"thumbnail_MOM JEANS.jpg\" width=\"300\" height=\"450\" srcset=\"https:\/\/diarioregionaldigital.com.br\/wp-content\/uploads\/2018\/01\/diario-int-22791-2.jpg 300w, https:\/\/diarioregionaldigital.com.br\/wp-content\/uploads\/2018\/01\/diario-int-22791-2-200x300.jpg 200w\" sizes=\"auto, (max-width: 300px) 100vw, 300px\" \/><\/p>\n<p>&nbsp;<\/p>\n<p style=\"text-align: center;\"><strong>Camisa<\/strong><\/p>\n<p style=\"text-align: center;\">As camisas n\u00e3o precisam ficar de fora do look ver\u00e3o! Para complementar o beachwear, invista na camisa como sa\u00edda de praia \u2013 pode ser a mesma que voc\u00ea usa no escrit\u00f3rio! Deixe ela toda aberta e combine com chinelos slide, deixando o look praia mais interessante.<\/p>\n<p style=\"text-align: center;\">&nbsp;<\/p>\n<p style=\"text-align: center;\"><img loading=\"lazy\" decoding=\"async\" class=\" size-full wp-image-88889\" src=\"http:\/\/diarioregionaljf.com.br\/wp-content\/uploads\/2018\/01\/diario-int-22791-3.jpg\" alt=\"thumbnail_CAMISA.jpg\" width=\"299\" height=\"450\" srcset=\"https:\/\/diarioregionaldigital.com.br\/wp-content\/uploads\/2018\/01\/diario-int-22791-3.jpg 299w, https:\/\/diarioregionaldigital.com.br\/wp-content\/uploads\/2018\/01\/diario-int-22791-3-199x300.jpg 199w\" sizes=\"auto, (max-width: 299px) 100vw, 299px\" \/><\/p>\n<p>&nbsp;<\/p>\n<p style=\"text-align: center;\"><strong>De pijama<\/strong><\/p>\n<p style=\"text-align: center;\">Est\u00e1 com aquela pregui\u00e7a de tirar o pijama nas f\u00e9rias?! Sem problema! A moda das camisas pijama continua forte e o slip dress n\u00e3o perdeu espa\u00e7o nas tend\u00eancias! Confort\u00e1vel e charmosa, essa tend\u00eancia tem tudo a ver com o clima de f\u00e9rias! Fica bacana misturar com jeans pra buscar um look mais despojado.<\/p>\n<p style=\"text-align: center;\">&nbsp;<\/p>\n<h4 style=\"text-align: center;\">BELEZA<\/h4>\n<p style=\"text-align: center;\">&nbsp;<\/p>\n<p style=\"text-align: center;\"><strong>Filtro Solar<\/strong><\/p>\n<p style=\"text-align: center;\">Item indispens\u00e1vel na necessaire de ver\u00e3o, as op\u00e7\u00f5es com cor tem sido uma \u00f3tima aposta, podendo substituir at\u00e9 mesmo o uso do BB Cream no dia a dia! V\u00e1rias marcas j\u00e1 possuem op\u00e7\u00f5es para v\u00e1rios tipos de pele e tonalidades. Nada como uma pele bem cuidada no ver\u00e3o!<\/p>\n<p style=\"text-align: center;\">&nbsp;<\/p>\n<h4 style=\"text-align: center;\">ACESS\u00d3RIOS<\/h4>\n<p style=\"text-align: center;\">&nbsp;<\/p>\n<p style=\"text-align: center;\">O ano come\u00e7ou e com ele chegam as tend\u00eancias! O InModa separou as principais tend\u00eancias de acess\u00f3rios do ver\u00e3o 2018.<\/p>\n<p style=\"text-align: center;\"><strong>Chap\u00e9us personalizados<\/strong><\/p>\n<p style=\"text-align: center;\">Um dos maiores hits desse ver\u00e3o com certeza \u00e9 o chap\u00e9u personalizado. Com bordado na aba, o item j\u00e1 \u00e9 o queridinho das it girls e promete bombar nas areias!<\/p>\n<p>&nbsp;<\/p>\n<p><img loading=\"lazy\" decoding=\"async\" class=\" size-full wp-image-88890\" src=\"http:\/\/diarioregionaljf.com.br\/wp-content\/uploads\/2018\/01\/diario-int-22791-4.jpg\" alt=\"thumbnail_CHAP\u00c9U PERSONALIZADO.jpg\" style=\"display: block; margin-left: auto; margin-right: auto;\" width=\"280\" height=\"300\" \/><\/p>\n<p>&nbsp;<\/p>\n<p style=\"text-align: center;\"><strong>Boho e vintage<\/strong><\/p>\n<p style=\"text-align: center;\">Faz um tempo que o clima boho e vintage vem tomando espa\u00e7o na moda. E os acess\u00f3rios tamb\u00e9m ganham ares delicados com detalhes desses estilos, e acabam sendo uma das apostas para a esta\u00e7\u00e3o.<\/p>\n<p>&nbsp;<\/p>\n<p><img loading=\"lazy\" decoding=\"async\" class=\" size-full wp-image-88891\" src=\"http:\/\/diarioregionaljf.com.br\/wp-content\/uploads\/2018\/01\/diario-int-22791-5.jpg\" alt=\"thumbnail_BOHO E VINTAGE.jpg\" width=\"263\" height=\"175\" style=\"display: block; margin-left: auto; margin-right: auto;\" srcset=\"https:\/\/diarioregionaldigital.com.br\/wp-content\/uploads\/2018\/01\/diario-int-22791-5.jpg 470w, https:\/\/diarioregionaldigital.com.br\/wp-content\/uploads\/2018\/01\/diario-int-22791-5-300x200.jpg 300w, https:\/\/diarioregionaldigital.com.br\/wp-content\/uploads\/2018\/01\/diario-int-22791-5-360x240.jpg 360w\" sizes=\"auto, (max-width: 263px) 100vw, 263px\" \/><\/p>\n<p>&nbsp;<\/p>\n<p style=\"text-align: center;\"><strong>Mini bolsas<\/strong><\/p>\n<p style=\"text-align: center;\">As mini bags foram febre j\u00e1 no clima mais frio, e continuam em alta nesse ver\u00e3o! Vers\u00f5es em palha e mini mochilas est\u00e3o dominando o street style.<\/p>\n<p style=\"text-align: center;\">&nbsp;<\/p>\n<p style=\"text-align: center;\"><strong>Maxi brincos<\/strong><\/p>\n<p style=\"text-align: center;\">Brincos chamativos fizeram sucesso nas passarelas! Agora eles chegam \u00e0s ruas, com pedrarias e tamanhos irregulares. S\u00e3o ideais para dar aquele up na produ\u00e7\u00e3o.<\/p>\n<p><img loading=\"lazy\" decoding=\"async\" class=\" size-full wp-image-88892\" src=\"http:\/\/diarioregionaljf.com.br\/wp-content\/uploads\/2018\/01\/diario-int-22791-6.jpg\" alt=\"thumbnail_MAXI BRINCOS.jpg\" width=\"263\" height=\"174\" style=\"display: block; margin-left: auto; margin-right: auto;\" srcset=\"https:\/\/diarioregionaldigital.com.br\/wp-content\/uploads\/2018\/01\/diario-int-22791-6.jpg 564w, https:\/\/diarioregionaldigital.com.br\/wp-content\/uploads\/2018\/01\/diario-int-22791-6-300x198.jpg 300w, https:\/\/diarioregionaldigital.com.br\/wp-content\/uploads\/2018\/01\/diario-int-22791-6-360x238.jpg 360w\" sizes=\"auto, (max-width: 263px) 100vw, 263px\" \/><\/p>\n<p>&nbsp;<\/p>\n<p style=\"text-align: center;\"><strong>Ultra violet<\/strong><\/p>\n<p style=\"text-align: center;\">A Pantone revelou a cor de 2018! E gra\u00e7as \u00e0 Ultra Violet, os tons de roxo e lil\u00e1s j\u00e1 aparecem em acess\u00f3rios e bolsas vibrantes.<\/p>\n","protected":false},"excerpt":{"rendered":"<p>Wrap Dress Os modelos cruzados est\u00e3o em alta, eles costumam ser acinturados, deixando o look mais elegante e feminino. Aposte nos modelos midi, que \u00e9 o comprimento da vez, e combine com um t\u00eanis para usar no dia a dia. Elegante e confort\u00e1vel! &nbsp; Mom Jeans O modelo de jeans continua com tudo! No ver\u00e3o [&hellip;]<\/p>\n","protected":false},"author":96,"featured_media":88887,"comment_status":"closed","ping_status":"closed","sticky":false,"template":"","format":"standard","meta":{"footnotes":""},"categories":[285],"tags":[],"class_list":["post-88893","post","type-post","status-publish","format-standard","has-post-thumbnail","hentry","category-moda-ana-paula-calixto"],"_links":{"self":[{"href":"https:\/\/diarioregionaldigital.com.br\/index.php?rest_route=\/wp\/v2\/posts\/88893","targetHints":{"allow":["GET"]}}],"collection":[{"href":"https:\/\/diarioregionaldigital.com.br\/index.php?rest_route=\/wp\/v2\/posts"}],"about":[{"href":"https:\/\/diarioregionaldigital.com.br\/index.php?rest_route=\/wp\/v2\/types\/post"}],"author":[{"embeddable":true,"href":"https:\/\/diarioregionaldigital.com.br\/index.php?rest_route=\/wp\/v2\/users\/96"}],"replies":[{"embeddable":true,"href":"https:\/\/diarioregionaldigital.com.br\/index.php?rest_route=%2Fwp%2Fv2%2Fcomments&post=88893"}],"version-history":[{"count":0,"href":"https:\/\/diarioregionaldigital.com.br\/index.php?rest_route=\/wp\/v2\/posts\/88893\/revisions"}],"wp:featuredmedia":[{"embeddable":true,"href":"https:\/\/diarioregionaldigital.com.br\/index.php?rest_route=\/wp\/v2\/media\/88887"}],"wp:attachment":[{"href":"https:\/\/diarioregionaldigital.com.br\/index.php?rest_route=%2Fwp%2Fv2%2Fmedia&parent=88893"}],"wp:term":[{"taxonomy":"category","embeddable":true,"href":"https:\/\/diarioregionaldigital.com.br\/index.php?rest_route=%2Fwp%2Fv2%2Fcategories&post=88893"},{"taxonomy":"post_tag","embeddable":true,"href":"https:\/\/diarioregionaldigital.com.br\/index.php?rest_route=%2Fwp%2Fv2%2Ftags&post=88893"}],"curies":[{"name":"wp","href":"https:\/\/api.w.org\/{rel}","templated":true}]}}