{"id":88886,"date":"2018-01-05T20:41:38","date_gmt":"2018-01-05T22:41:38","guid":{"rendered":"http:\/\/diarioregionaljf.com.br\/2018\/01\/05\/fashion-news-janeiro-07\/"},"modified":"2018-01-05T20:41:38","modified_gmt":"2018-01-05T22:41:38","slug":"fashion-news-janeiro-07","status":"publish","type":"post","link":"https:\/\/diarioregionaldigital.com.br\/?p=88886","title":{"rendered":"Fashion News"},"content":{"rendered":"<p style=\"text-align: center;\"><strong>Gosha x Burberry<\/strong><\/p>\n<p style=\"text-align: center;\">Chega \u00e0s lojas ainda esse m\u00eas a cole\u00e7\u00e3o desenvolvida pela Burberry em parceria com o russo Gosha Rubchinskiy. A parceria \u00e9 um mix de pe\u00e7as ic\u00f4nicas da marca com um olhar streetwear, contando com casacos, camisas de manga curta, shorts de alfaiataria e at\u00e9 mesmo bon\u00e9s. Infelizmente a cole\u00e7\u00e3o n\u00e3o tem previs\u00e3o para ser lan\u00e7ada no Brasil.<\/p>\n<p style=\"text-align: center;\">\n<p style=\"text-align: center;\">&nbsp;<\/p>\n<p style=\"text-align: center;\"><strong>Nossa Fam\u00edlia.<\/strong><strong>#MyCalvins<\/strong><\/p>\n<p style=\"text-align: center;\">Depois da campanha \u201cMy Crew. #MyCalvins\u201d, onde a Calvin Klein trouxe rappers e suas crews ilustrando a fam\u00edlia que n\u00f3s escolhemos, agora \u00e9 a vez de \u201cOur Youth. #MyCalvins\u201d, estrelada pelo casal de irm\u00e3os Kaia e Presley Gerber, filhos de Cindy Crawford. A campanha \u00e9 voltada para a nova gera\u00e7\u00e3o da moda e a cole\u00e7\u00e3o chega ao Brasil em mar\u00e7o deste ano nas lojas f\u00edsicas e online.<\/p>\n<p><img loading=\"lazy\" decoding=\"async\" class=\" size-full wp-image-88885\" src=\"http:\/\/diarioregionaljf.com.br\/wp-content\/uploads\/2018\/01\/diario-int-22790-2.jpg\" alt=\"NOSSA FAMILIA #MYCALVINS.jpg\" style=\"display: block; margin-left: auto; margin-right: auto;\" width=\"313\" height=\"450\" srcset=\"https:\/\/diarioregionaldigital.com.br\/wp-content\/uploads\/2018\/01\/diario-int-22790-2.jpg 313w, https:\/\/diarioregionaldigital.com.br\/wp-content\/uploads\/2018\/01\/diario-int-22790-2-209x300.jpg 209w\" sizes=\"auto, (max-width: 313px) 100vw, 313px\" \/><\/p>\n<p>&nbsp;<\/p>\n<p style=\"text-align: center;\"><strong>J\u00c1 PELA METADE<\/strong><\/p>\n<p style=\"text-align: center;\">O ano j\u00e1 come\u00e7ou com \u00f3timas oportunidades! Grandes marcas j\u00e1 est\u00e3o com descontos incr\u00edveis para entrar no ano com o closet renovado! Fique de olho nas promo\u00e7\u00f5es!<\/p>\n<p>&nbsp;<\/p>\n","protected":false},"excerpt":{"rendered":"<p>Gosha x Burberry Chega \u00e0s lojas ainda esse m\u00eas a cole\u00e7\u00e3o desenvolvida pela Burberry em parceria com o russo Gosha Rubchinskiy. A parceria \u00e9 um mix de pe\u00e7as ic\u00f4nicas da marca com um olhar streetwear, contando com casacos, camisas de manga curta, shorts de alfaiataria e at\u00e9 mesmo bon\u00e9s. Infelizmente a cole\u00e7\u00e3o n\u00e3o tem previs\u00e3o [&hellip;]<\/p>\n","protected":false},"author":96,"featured_media":88884,"comment_status":"closed","ping_status":"closed","sticky":false,"template":"","format":"standard","meta":{"footnotes":""},"categories":[285],"tags":[],"class_list":["post-88886","post","type-post","status-publish","format-standard","has-post-thumbnail","hentry","category-moda-ana-paula-calixto"],"_links":{"self":[{"href":"https:\/\/diarioregionaldigital.com.br\/index.php?rest_route=\/wp\/v2\/posts\/88886","targetHints":{"allow":["GET"]}}],"collection":[{"href":"https:\/\/diarioregionaldigital.com.br\/index.php?rest_route=\/wp\/v2\/posts"}],"about":[{"href":"https:\/\/diarioregionaldigital.com.br\/index.php?rest_route=\/wp\/v2\/types\/post"}],"author":[{"embeddable":true,"href":"https:\/\/diarioregionaldigital.com.br\/index.php?rest_route=\/wp\/v2\/users\/96"}],"replies":[{"embeddable":true,"href":"https:\/\/diarioregionaldigital.com.br\/index.php?rest_route=%2Fwp%2Fv2%2Fcomments&post=88886"}],"version-history":[{"count":0,"href":"https:\/\/diarioregionaldigital.com.br\/index.php?rest_route=\/wp\/v2\/posts\/88886\/revisions"}],"wp:featuredmedia":[{"embeddable":true,"href":"https:\/\/diarioregionaldigital.com.br\/index.php?rest_route=\/wp\/v2\/media\/88884"}],"wp:attachment":[{"href":"https:\/\/diarioregionaldigital.com.br\/index.php?rest_route=%2Fwp%2Fv2%2Fmedia&parent=88886"}],"wp:term":[{"taxonomy":"category","embeddable":true,"href":"https:\/\/diarioregionaldigital.com.br\/index.php?rest_route=%2Fwp%2Fv2%2Fcategories&post=88886"},{"taxonomy":"post_tag","embeddable":true,"href":"https:\/\/diarioregionaldigital.com.br\/index.php?rest_route=%2Fwp%2Fv2%2Ftags&post=88886"}],"curies":[{"name":"wp","href":"https:\/\/api.w.org\/{rel}","templated":true}]}}