{"id":88881,"date":"2018-01-05T20:29:00","date_gmt":"2018-01-05T22:29:00","guid":{"rendered":"http:\/\/diarioregionaljf.com.br\/2018\/01\/05\/pjf-disponibiliza-mais-tres-postos-extras-para-vacinacao-contra-a-febre-amarela\/"},"modified":"2018-01-05T20:29:00","modified_gmt":"2018-01-05T22:29:00","slug":"pjf-disponibiliza-mais-tres-postos-extras-para-vacinacao-contra-a-febre-amarela","status":"publish","type":"post","link":"https:\/\/diarioregionaldigital.com.br\/?p=88881","title":{"rendered":"PJF disponibiliza mais tr\u00eas postos extras para vacina\u00e7\u00e3o contra a febre amarela"},"content":{"rendered":"<p>A partir de segunda-feira, 8, ser\u00e3o disponibilizados mais tr\u00eas postos extras de vacina\u00e7\u00e3o contra a febre amarela na regi\u00e3o do Museu Mariano Proc\u00f3pio, onde um macaco foi encontrado morto. O objetivo \u00e9 agilizar a imuniza\u00e7\u00e3o daqueles que ainda n\u00e3o tomaram nenhuma dose da vacina e garantir a seguran\u00e7a dos juiz-foranos. Portanto, al\u00e9m do posto no Centro Cultural Dnar Rocha, equipes da Secretaria de Sa\u00fade estar\u00e3o no p\u00e1tio do Bahamas Manoel Hon\u00f3rio, do Bretas Santa Terezinha e na Igreja Quadrangular do Bairro Democratas (Rua Rafael Zacarias, n\u00ba65). Os postos funcionar\u00e3o das 8h30 \u00e0s 16h at\u00e9 sexta-feira, 12.<\/p>\n<p>A medida foi adotada para ampliar ao m\u00e1ximo a cobertura vacinal contra a doen\u00e7a, que j\u00e1 atingiu os 90% no ano passado. A a\u00e7\u00e3o acontecer\u00e1 depois de a Prefeitura j\u00e1 ter cumprido as medidas preconizadas pelo Minist\u00e9rio da Sa\u00fade e pela Secretaria de Estado da Sa\u00fade (SES), com vacina\u00e7\u00e3o porta a porta e bloqueio com aplica\u00e7\u00e3o de inseticida de ultrabaixo volume (UBV) na \u00e1rea pr\u00f3xima ao local onde o animal foi encontrado.<\/p>\n<p>Al\u00e9m desses postos extras, as outras 66 unidades &#8211; incluindo 63 UBSs, PAM Marechal e os departamentos de Sa\u00fade do Idoso e da Crian\u00e7a e do Adolescente &#8211; continuam aplicando a vacina normalmente. Quem j\u00e1 se vacinou em algum momento na vida n\u00e3o precisa tomar nova dose. Crian\u00e7as a partir de 9 meses de vida e pessoas at\u00e9 60 anos devem ser vacinadas. Idosos e gestantes devem ter orienta\u00e7\u00e3o m\u00e9dica para se imunizar.<\/p>\n<p>&nbsp;<\/p>\n<p>Fonte: Assessoria<\/p>\n<p class=\"MsoNormalCxSpFirst\" style=\"margin-bottom: .0001pt; mso-add-space: auto; text-align: justify; text-justify: inter-ideograph; line-height: normal;\"><span style=\"font-size: 12.0pt; font-family: 'Arial','sans-serif';\">A partir de segunda-feira, 8, ser\u00e3o disponibilizados mais tr\u00eas postos extras de vacina\u00e7\u00e3o contra a febre amarela na regi\u00e3o do Museu Mariano Proc\u00f3pio, onde um macaco foi encontrado morto. O objetivo \u00e9 agilizar a imuniza\u00e7\u00e3o daqueles que ainda n\u00e3o tomaram nenhuma dose da vacina e garantir a seguran\u00e7a dos juiz-foranos. Portanto, al\u00e9m do posto no Centro Cultural Dnar Rocha, equipes da Secretaria de Sa\u00fade estar\u00e3o no p\u00e1tio do Bahamas Manoel Hon\u00f3rio, do Bretas Santa Terezinha e na Igreja Quadrangular do Bairro Democratas (Rua Rafael Zacarias, n\u00ba65). Os postos funcionar\u00e3o das 8h30 \u00e0s 16h at\u00e9 sexta-feira, 12.<\/span><\/p>\n<p class=\"MsoNormalCxSpMiddle\" style=\"margin-bottom: .0001pt; mso-add-space: auto; text-align: justify; text-justify: inter-ideograph; line-height: normal;\"><span style=\"font-size: 12.0pt; font-family: 'Arial','sans-serif';\">&nbsp;&nbsp;&nbsp;&nbsp;&nbsp;&nbsp;&nbsp;&nbsp;&nbsp;&nbsp;&nbsp; A medida foi adotada para ampliar ao m\u00e1ximo a cobertura vacinal contra a doen\u00e7a, que j\u00e1 atingiu os 90% no ano passado. A a\u00e7\u00e3o acontecer\u00e1 depois de a Prefeitura j\u00e1 ter cumprido as medidas preconizadas pelo Minist\u00e9rio da Sa\u00fade e pela Secretaria de Estado da Sa\u00fade (SES), com vacina\u00e7\u00e3o porta a porta e bloqueio com aplica\u00e7\u00e3o de inseticida de ultrabaixo volume (UBV) na \u00e1rea pr\u00f3xima ao local onde o animal foi encontrado.<\/span><\/p>\n<p class=\"MsoNormalCxSpMiddle\" style=\"margin-bottom: .0001pt; mso-add-space: auto; text-align: justify; text-justify: inter-ideograph; line-height: normal;\"><span style=\"font-size: 12.0pt; font-family: 'Arial','sans-serif';\">&nbsp;&nbsp;&nbsp;&nbsp;&nbsp;&nbsp;&nbsp;&nbsp;&nbsp;&nbsp;&nbsp; Al\u00e9m desses postos extras, as outras 66 unidades &#8211; incluindo 63 UBSs, PAM Marechal e os departamentos de Sa\u00fade do Idoso e da Crian\u00e7a e do Adolescente &#8211; continuam aplicando a vacina normalmente. Quem j\u00e1 se vacinou em algum momento na vida n\u00e3o precisa tomar nova dose. Crian\u00e7as a partir de 9 meses de vida e pessoas at\u00e9 60 anos devem ser vacinadas. Idosos e gestantes devem ter orienta\u00e7\u00e3o m\u00e9dica para se imunizar.<\/span><\/p>\n<p class=\"MsoNormalCxSpMiddle\" style=\"margin-bottom: .0001pt; mso-add-space: auto; text-align: justify; text-justify: inter-ideograph; line-height: normal;\"><span style=\"font-size: 12.0pt; font-family: 'Arial','sans-serif';\"><\/span><\/p>\n<p class=\"MsoNormalCxSpMiddle\" style=\"margin-bottom: .0001pt; mso-add-space: auto; text-align: justify; text-justify: inter-ideograph; line-height: normal;\"><span style=\"font-size: 12.0pt; font-family: 'Arial','sans-serif';\">Fonte: Assessoria<\/span><\/p>\n","protected":false},"excerpt":{"rendered":"<p>A partir de segunda-feira, 8, ser\u00e3o disponibilizados mais tr\u00eas postos extras de vacina\u00e7\u00e3o contra a febre amarela na regi\u00e3o do Museu Mariano Proc\u00f3pio, onde um macaco foi encontrado morto. O objetivo \u00e9 agilizar a imuniza\u00e7\u00e3o daqueles que ainda n\u00e3o tomaram nenhuma dose da vacina e garantir a seguran\u00e7a dos juiz-foranos. Portanto, al\u00e9m do posto no [&hellip;]<\/p>\n","protected":false},"author":96,"featured_media":88880,"comment_status":"closed","ping_status":"closed","sticky":false,"template":"","format":"standard","meta":{"footnotes":""},"categories":[253],"tags":[],"class_list":["post-88881","post","type-post","status-publish","format-standard","has-post-thumbnail","hentry","category-cidade"],"_links":{"self":[{"href":"https:\/\/diarioregionaldigital.com.br\/index.php?rest_route=\/wp\/v2\/posts\/88881","targetHints":{"allow":["GET"]}}],"collection":[{"href":"https:\/\/diarioregionaldigital.com.br\/index.php?rest_route=\/wp\/v2\/posts"}],"about":[{"href":"https:\/\/diarioregionaldigital.com.br\/index.php?rest_route=\/wp\/v2\/types\/post"}],"author":[{"embeddable":true,"href":"https:\/\/diarioregionaldigital.com.br\/index.php?rest_route=\/wp\/v2\/users\/96"}],"replies":[{"embeddable":true,"href":"https:\/\/diarioregionaldigital.com.br\/index.php?rest_route=%2Fwp%2Fv2%2Fcomments&post=88881"}],"version-history":[{"count":0,"href":"https:\/\/diarioregionaldigital.com.br\/index.php?rest_route=\/wp\/v2\/posts\/88881\/revisions"}],"wp:featuredmedia":[{"embeddable":true,"href":"https:\/\/diarioregionaldigital.com.br\/index.php?rest_route=\/wp\/v2\/media\/88880"}],"wp:attachment":[{"href":"https:\/\/diarioregionaldigital.com.br\/index.php?rest_route=%2Fwp%2Fv2%2Fmedia&parent=88881"}],"wp:term":[{"taxonomy":"category","embeddable":true,"href":"https:\/\/diarioregionaldigital.com.br\/index.php?rest_route=%2Fwp%2Fv2%2Fcategories&post=88881"},{"taxonomy":"post_tag","embeddable":true,"href":"https:\/\/diarioregionaldigital.com.br\/index.php?rest_route=%2Fwp%2Fv2%2Ftags&post=88881"}],"curies":[{"name":"wp","href":"https:\/\/api.w.org\/{rel}","templated":true}]}}