{"id":88879,"date":"2018-01-05T20:23:38","date_gmt":"2018-01-05T22:23:38","guid":{"rendered":"http:\/\/diarioregionaljf.com.br\/2018\/01\/05\/governador-fernando-pimentel-reune-secretarios-para-definir-novas-acoes-de-combate-a-febre-amarela-em-minas-gerais\/"},"modified":"2018-01-05T20:23:38","modified_gmt":"2018-01-05T22:23:38","slug":"governador-fernando-pimentel-reune-secretarios-para-definir-novas-acoes-de-combate-a-febre-amarela-em-minas-gerais","status":"publish","type":"post","link":"https:\/\/diarioregionaldigital.com.br\/?p=88879","title":{"rendered":"Governador Fernando Pimentel re\u00fane secret\u00e1rios para definir novas a\u00e7\u00f5es de combate \u00e0 febre amarela em Minas Gerais"},"content":{"rendered":"<p>O governador de Minas Gerais, Fernando Pimentel, reuniu-se nesta sexta-feira, 5, no Pal\u00e1cio da Liberdade, em Belo Horizonte, com os secret\u00e1rios de Sa\u00fade, S\u00e1vio Souza Cruz, de Meio Ambiente e Desenvolvimento Sustent\u00e1vel, Germano Vieira, e de Governo, Odair Cunha, para definir a\u00e7\u00f5es de combate \u00e0 febre amarela no Estado. A reuni\u00e3o foi convocada ap\u00f3s a confirma\u00e7\u00e3o de dois novos casos da doen\u00e7a no munic\u00edpio de Brumadinho, na regi\u00e3o metropolitana da capital, onde foram identificadas uma morte e uma interna\u00e7\u00e3o.<\/p>\n<p>Entre as a\u00e7\u00f5es definidas para o combate est\u00e3o a amplia\u00e7\u00e3o dos hor\u00e1rios de vacina\u00e7\u00e3o casa a casa na zona rural de Brumadinho, incluindo a vacina\u00e7\u00e3o noturna, e o aumento no n\u00famero de equipes de sa\u00fade na regi\u00e3o. Tamb\u00e9m ser\u00e3o liberados recursos para a vigil\u00e2ncia nessas \u00e1reas e ampliadas as campanhas educativas sobre a necessidade de vacina\u00e7\u00e3o. Por fim, o Estado solicitou ao governo federal o repasse de recursos financeiros e um novo estoque de doses da vacina. Minas Gerais conta hoje com 400 mil doses \u2013 e encomendou uma nova remessa de 1 milh\u00e3o.<\/p>\n<p>O secret\u00e1rio de Estado de Sa\u00fade, S\u00e1vio Souza Cruz, destacou que as medidas adotadas anteriormente no estado j\u00e1 deram resultados, mas que o governo estadual continua vigilante. \u201cDo ano passado para c\u00e1, Minas Gerais conseguiu uma grande evolu\u00e7\u00e3o em rela\u00e7\u00e3o a cobertura vacinal da febre amarela, que passou de 47% para 81%. Na regi\u00e3o metropolitana de Belo Horizonte, chega a 84%. Estamos estimulando as pessoas a se vacinarem. A nossa estat\u00edstica mostra que a cobertura est\u00e1 menor entre indiv\u00edduos do sexo masculino entre 15 e 45 anos &#8211; ent\u00e3o, estamos convidando essas pessoas que se vacinem em qualquer posto de sa\u00fade\u201d, afirmou, durante coletiva \u00e0 imprensa.<\/p>\n<p>O subsecret\u00e1rio de Vigil\u00e2ncia Epidemiol\u00f3gica da Secretaria de Estado de Sa\u00fade (SES-MG), Rodrigo Said, destacou que a meta \u00e9 chegar a 95% de cobertura vacinal em Minas Gerais. \u201cJ\u00e1 sa\u00edmos de uma cobertura que era baixa e atingimos o patamar de 81%. \u00c9 um ganho significativo, mas a nossa meta \u00e9 95%. Temos ainda aproximadamente 3,7 milh\u00f5es de pessoas n\u00e3o vacinadas e pretendemos, neste ano, reduzir esse n\u00famero para garantir a seguran\u00e7a. Estamos descartando um surto como o que aconteceu no ano passado, tendo em vista esse ganho significativo na cobertura vacinal\u201d, completou. Desde o in\u00edcio de 2017 foram confirmados 436 casos da doen\u00e7a no estado.<\/p>\n<p>Durante a reuni\u00e3o, que tamb\u00e9m contou com a participa\u00e7\u00e3o do presidente do Conselho de Administra\u00e7\u00e3o do Inhotim, Ricardo Gazel, o Governo alertou sobre a necessidade de se adotar a\u00e7\u00f5es para evitar a ocorr\u00eancia da febre amarela dentro do complexo, que \u00e9 um espa\u00e7o privado. O Estado j\u00e1 determinou a suspens\u00e3o das visitas no Parque Estadual da Serra do Rola-Mo\u00e7a.<\/p>\n<p>\u201cNessa reuni\u00e3o, falamos, com o diretor de Inhotim, sobre a situa\u00e7\u00e3o que est\u00e1 ocorrendo. No caso do Estado, a gente vai suspender a visita\u00e7\u00e3o e acesso \u00e0s trilhas no Parque do Rola-Mo\u00e7a. Sobre o Inhotim, eles est\u00e3o pensando em situa\u00e7\u00f5es alternativas de controle, como a coloca\u00e7\u00e3o de avisos no site, de placas indicadoras para uso de repelente e altera\u00e7\u00e3o no hor\u00e1rio de visita\u00e7\u00e3o\u201d, salientou S\u00e1vio Souza Cruz.<\/p>\n<p>&nbsp;<\/p>\n<h4>CUIDADOS<\/h4>\n<p>O subsecret\u00e1rio Rodrigo Said lembrou que, devido ao per\u00edodo de f\u00e9rias, quem vai visitar parques e cachoeiras precisa se prevenir. \u201cV\u00e1rias pessoas est\u00e3o com atividades programadas para \u00e1reas como cachoeiras e acampamentos. O importante \u00e9 que cada um fa\u00e7a essa avalia\u00e7\u00e3o: estar em dia com a vacina\u00e7\u00e3o contra a febre amarela 10 dias antes de visitar essas regi\u00f5es, ampliar o uso de repelentes e utilizar roupas de manga longa para conferir maior prote\u00e7\u00e3o\u201d, alertou.<\/p>\n<p>&nbsp;<\/p>\n<p>Fonte: Ag\u00eancia Minas<\/p>\n","protected":false},"excerpt":{"rendered":"<p>O governador de Minas Gerais, Fernando Pimentel, reuniu-se nesta sexta-feira, 5, no Pal\u00e1cio da Liberdade, em Belo Horizonte, com os secret\u00e1rios de Sa\u00fade, S\u00e1vio Souza Cruz, de Meio Ambiente e Desenvolvimento Sustent\u00e1vel, Germano Vieira, e de Governo, Odair Cunha, para definir a\u00e7\u00f5es de combate \u00e0 febre amarela no Estado. A reuni\u00e3o foi convocada ap\u00f3s a [&hellip;]<\/p>\n","protected":false},"author":96,"featured_media":88878,"comment_status":"closed","ping_status":"closed","sticky":false,"template":"","format":"standard","meta":{"footnotes":""},"categories":[252],"tags":[],"class_list":["post-88879","post","type-post","status-publish","format-standard","has-post-thumbnail","hentry","category-regiao"],"_links":{"self":[{"href":"https:\/\/diarioregionaldigital.com.br\/index.php?rest_route=\/wp\/v2\/posts\/88879","targetHints":{"allow":["GET"]}}],"collection":[{"href":"https:\/\/diarioregionaldigital.com.br\/index.php?rest_route=\/wp\/v2\/posts"}],"about":[{"href":"https:\/\/diarioregionaldigital.com.br\/index.php?rest_route=\/wp\/v2\/types\/post"}],"author":[{"embeddable":true,"href":"https:\/\/diarioregionaldigital.com.br\/index.php?rest_route=\/wp\/v2\/users\/96"}],"replies":[{"embeddable":true,"href":"https:\/\/diarioregionaldigital.com.br\/index.php?rest_route=%2Fwp%2Fv2%2Fcomments&post=88879"}],"version-history":[{"count":0,"href":"https:\/\/diarioregionaldigital.com.br\/index.php?rest_route=\/wp\/v2\/posts\/88879\/revisions"}],"wp:featuredmedia":[{"embeddable":true,"href":"https:\/\/diarioregionaldigital.com.br\/index.php?rest_route=\/wp\/v2\/media\/88878"}],"wp:attachment":[{"href":"https:\/\/diarioregionaldigital.com.br\/index.php?rest_route=%2Fwp%2Fv2%2Fmedia&parent=88879"}],"wp:term":[{"taxonomy":"category","embeddable":true,"href":"https:\/\/diarioregionaldigital.com.br\/index.php?rest_route=%2Fwp%2Fv2%2Fcategories&post=88879"},{"taxonomy":"post_tag","embeddable":true,"href":"https:\/\/diarioregionaldigital.com.br\/index.php?rest_route=%2Fwp%2Fv2%2Ftags&post=88879"}],"curies":[{"name":"wp","href":"https:\/\/api.w.org\/{rel}","templated":true}]}}