{"id":88877,"date":"2018-01-05T20:21:45","date_gmt":"2018-01-05T22:21:45","guid":{"rendered":"http:\/\/diarioregionaljf.com.br\/2018\/01\/05\/prefeitura-municipal-de-rio-pomba\/"},"modified":"2018-08-13T20:34:35","modified_gmt":"2018-08-13T23:34:35","slug":"prefeitura-municipal-de-rio-pomba","status":"publish","type":"post","link":"https:\/\/diarioregionaldigital.com.br\/?p=88877","title":{"rendered":"Prefeitura Municipal De Rio Pomba"},"content":{"rendered":"<p class=\"h4\">Prefeitura Municipal De Rio Pomba&nbsp;LICITA\u00c7\u00c3O 04\/2018<\/p>\n<p>Torna p\u00fablico que far\u00e1 realizar a Licita\u00e7\u00e3o na Modalidade \u201cPreg\u00e3o\u201d \u201cTipo Menor Pre\u00e7o\u201d. Objeto: Contrata\u00e7\u00e3o de empresas para fornecimento de refei\u00e7\u00e3o para acad\u00eamicos de medicina &#8211; Conv\u00eanios Prefeitura Municipal de Rio Pomba e Universidade Federal de Juiz de Fora &#8211; UFJF e marmitex para os pacientes atendidos pelo CAPS. A sess\u00e3o ter\u00e1 in\u00edcio \u00e0s 14:00 horas do dia 22 de janeiro de 2018, na Sala de Licita\u00e7\u00f5es da Prefeitura, situada \u00e0 Av. Raul Soares, 15 &#8211; Rio Pomba\/MG. Maiores informa\u00e7\u00f5es e edital est\u00e1 \u00e0 disposi\u00e7\u00e3o dos interessados nos dias \u00fateis no local j\u00e1 mencionado no hor\u00e1rio comercial. Rio Pomba, 04\/01\/2018.<br \/>Carla Nolasco Martins Vieira Coimbra &#8211; Pregoeira.<\/p>\n","protected":false},"excerpt":{"rendered":"<p>Prefeitura Municipal De Rio Pomba&nbsp;LICITA\u00c7\u00c3O 04\/2018 Torna p\u00fablico que far\u00e1 realizar a Licita\u00e7\u00e3o na Modalidade \u201cPreg\u00e3o\u201d \u201cTipo Menor Pre\u00e7o\u201d. Objeto: Contrata\u00e7\u00e3o de empresas para fornecimento de refei\u00e7\u00e3o para acad\u00eamicos de medicina &#8211; Conv\u00eanios Prefeitura Municipal de Rio Pomba e Universidade Federal de Juiz de Fora &#8211; UFJF e marmitex para os pacientes atendidos pelo CAPS. [&hellip;]<\/p>\n","protected":false},"author":96,"featured_media":0,"comment_status":"closed","ping_status":"closed","sticky":false,"template":"","format":"standard","meta":{"footnotes":""},"categories":[307],"tags":[],"class_list":["post-88877","post","type-post","status-publish","format-standard","hentry","category-editais"],"_links":{"self":[{"href":"https:\/\/diarioregionaldigital.com.br\/index.php?rest_route=\/wp\/v2\/posts\/88877","targetHints":{"allow":["GET"]}}],"collection":[{"href":"https:\/\/diarioregionaldigital.com.br\/index.php?rest_route=\/wp\/v2\/posts"}],"about":[{"href":"https:\/\/diarioregionaldigital.com.br\/index.php?rest_route=\/wp\/v2\/types\/post"}],"author":[{"embeddable":true,"href":"https:\/\/diarioregionaldigital.com.br\/index.php?rest_route=\/wp\/v2\/users\/96"}],"replies":[{"embeddable":true,"href":"https:\/\/diarioregionaldigital.com.br\/index.php?rest_route=%2Fwp%2Fv2%2Fcomments&post=88877"}],"version-history":[{"count":0,"href":"https:\/\/diarioregionaldigital.com.br\/index.php?rest_route=\/wp\/v2\/posts\/88877\/revisions"}],"wp:attachment":[{"href":"https:\/\/diarioregionaldigital.com.br\/index.php?rest_route=%2Fwp%2Fv2%2Fmedia&parent=88877"}],"wp:term":[{"taxonomy":"category","embeddable":true,"href":"https:\/\/diarioregionaldigital.com.br\/index.php?rest_route=%2Fwp%2Fv2%2Fcategories&post=88877"},{"taxonomy":"post_tag","embeddable":true,"href":"https:\/\/diarioregionaldigital.com.br\/index.php?rest_route=%2Fwp%2Fv2%2Ftags&post=88877"}],"curies":[{"name":"wp","href":"https:\/\/api.w.org\/{rel}","templated":true}]}}