{"id":88876,"date":"2018-01-05T20:20:29","date_gmt":"2018-01-05T22:20:29","guid":{"rendered":"http:\/\/diarioregionaljf.com.br\/2018\/01\/05\/edital-de-convocacao\/"},"modified":"2018-08-13T20:34:36","modified_gmt":"2018-08-13T23:34:36","slug":"edital-de-convocacao","status":"publish","type":"post","link":"https:\/\/diarioregionaldigital.com.br\/?p=88876","title":{"rendered":"Edital de Convoca\u00e7\u00e3o"},"content":{"rendered":"<p class=\"h4\">ASSEMBLEIA GERAL ORDIN\u00c1RIA\/EXTRAORDIN\u00c1RIA<\/p>\n<p>O Presidente da Cooperativa de Economia e Cr\u00e9dito M\u00fatuo dos Banc\u00e1rios de Juiz de Fora Ltda &#8211; COCBAN, usando das atribui\u00e7\u00f5es conferidas pelo Estatuto Social, convoca os 1.167 (Um mil cento e sessenta e sete) associados para se reunirem em ASSEMBLEIAS GERAIS ORDIN\u00c1RIA e EXTRAORDIN\u00c1RIA, a serem realizadas no dia 19 de Janeiro de 2018, no JOALPA HOTEL JUIZ DE FORA localizado na Rua Afonso Pinto da Motta, n\u00ba 29, Centro &#8211; Juiz de Fora &#8211; MG, nos seguintes hor\u00e1rios: (a) ASSEMBLEIA GERAL ORDIN\u00c1RIA, em primeira convoca\u00e7\u00e3o \u00e0s 17h, com a presen\u00e7a de 2\/3 (dois ter\u00e7os) dos associados; em segunda convoca\u00e7\u00e3o, \u00e0s 18h, com a presen\u00e7a de metade mais um do n\u00famero de associados; e em terceira e \u00faltima convoca\u00e7\u00e3o, \u00e0s 19h, com a presen\u00e7a de no m\u00ednimo 10 (dez) cooperados; (b) ASSEMBLEIA GERAL EXTRAORDIN\u00c1RIA, em primeira convoca\u00e7\u00e3o \u00e0s 18h, com a presen\u00e7a de 2\/3 (dois ter\u00e7os) dos associados; em segunda convoca\u00e7\u00e3o, \u00e0s 19h, com a presen\u00e7a de metade mais um do n\u00famero de associados; e em terceira e \u00faltima convoca\u00e7\u00e3o, \u00e0s 20h, com a presen\u00e7a de no m\u00ednimo 10 (dez) cooperados, para deliberarem sobre a seguinte ordem do dia:<\/p>\n<p>DA ASSEMBLEIA GERAL ORDIN\u00c1RIA<br \/>1. Presta\u00e7\u00e3o de contas do exerc\u00edcio de 2017, compreendendo:<br \/>a) relat\u00f3rio de gest\u00e3o;<br \/>b) balan\u00e7o dos dois semestres do exerc\u00edcio;<br \/>c) demonstrativo das sobras apuradas ou das perdas;<br \/>d) parecer do conselho fiscal.<\/p>\n<p>2. Destina\u00e7\u00e3o das sobras apuradas ou rateio das perdas.<br \/>3. Elei\u00e7\u00e3o dos membros da Diretoria Executiva, Conselho de Administra\u00e7\u00e3o e Conselho Fiscal.<br \/>4. Outros assuntos de interesse social.<\/p>\n<p><span class=\"h5\">DA ASSEMBLEIA GERAL EXTRAORDIN\u00c1RIA<\/span><br \/>1. Aprova\u00e7\u00e3o da Pol\u00edtica de Conformidade (Compliance) Resolu\u00e7\u00e3o 4.595 de 28\/08\/2017 do Banco Central<br \/>2. Aprova\u00e7\u00e3o do Regulamento da Atividade de Auditoria Interna conforme Resolu\u00e7\u00e3o 4.588 de 29\/06\/2017 do Banco Central<br \/>3. Altera\u00e7\u00e3o dos seguintes dispositivos do Estatuto Social:<br \/>I. artigo 3 altera\u00e7\u00e3o do par\u00e1grafo 1\u00ba;<br \/>II. inclus\u00e3o da SE\u00c7\u00c3O I, artigo 18<br \/>III. artigo 41 altera\u00e7\u00e3o do par\u00e1grafo \u00fanico.<br \/>IV. artigo 65 altera\u00e7\u00e3o deste artigo com inclus\u00e3o das letras a; b; c; d; e;<br \/>V. artigo 67 altera\u00e7\u00e3o do item III<br \/>Juiz de Fora, 08 de Janeiro de 2017.<\/p>\n<p>Carlos \u00c1lvaro de Souza Paulo<br \/>Diretor &#8211; Presidente<\/p>\n","protected":false},"excerpt":{"rendered":"<p>ASSEMBLEIA GERAL ORDIN\u00c1RIA\/EXTRAORDIN\u00c1RIA O Presidente da Cooperativa de Economia e Cr\u00e9dito M\u00fatuo dos Banc\u00e1rios de Juiz de Fora Ltda &#8211; COCBAN, usando das atribui\u00e7\u00f5es conferidas pelo Estatuto Social, convoca os 1.167 (Um mil cento e sessenta e sete) associados para se reunirem em ASSEMBLEIAS GERAIS ORDIN\u00c1RIA e EXTRAORDIN\u00c1RIA, a serem realizadas no dia 19 de [&hellip;]<\/p>\n","protected":false},"author":96,"featured_media":0,"comment_status":"closed","ping_status":"closed","sticky":false,"template":"","format":"standard","meta":{"footnotes":""},"categories":[307],"tags":[],"class_list":["post-88876","post","type-post","status-publish","format-standard","hentry","category-editais"],"_links":{"self":[{"href":"https:\/\/diarioregionaldigital.com.br\/index.php?rest_route=\/wp\/v2\/posts\/88876","targetHints":{"allow":["GET"]}}],"collection":[{"href":"https:\/\/diarioregionaldigital.com.br\/index.php?rest_route=\/wp\/v2\/posts"}],"about":[{"href":"https:\/\/diarioregionaldigital.com.br\/index.php?rest_route=\/wp\/v2\/types\/post"}],"author":[{"embeddable":true,"href":"https:\/\/diarioregionaldigital.com.br\/index.php?rest_route=\/wp\/v2\/users\/96"}],"replies":[{"embeddable":true,"href":"https:\/\/diarioregionaldigital.com.br\/index.php?rest_route=%2Fwp%2Fv2%2Fcomments&post=88876"}],"version-history":[{"count":0,"href":"https:\/\/diarioregionaldigital.com.br\/index.php?rest_route=\/wp\/v2\/posts\/88876\/revisions"}],"wp:attachment":[{"href":"https:\/\/diarioregionaldigital.com.br\/index.php?rest_route=%2Fwp%2Fv2%2Fmedia&parent=88876"}],"wp:term":[{"taxonomy":"category","embeddable":true,"href":"https:\/\/diarioregionaldigital.com.br\/index.php?rest_route=%2Fwp%2Fv2%2Fcategories&post=88876"},{"taxonomy":"post_tag","embeddable":true,"href":"https:\/\/diarioregionaldigital.com.br\/index.php?rest_route=%2Fwp%2Fv2%2Ftags&post=88876"}],"curies":[{"name":"wp","href":"https:\/\/api.w.org\/{rel}","templated":true}]}}