{"id":88871,"date":"2018-01-05T20:04:35","date_gmt":"2018-01-05T22:04:35","guid":{"rendered":"http:\/\/diarioregionaljf.com.br\/2018\/01\/05\/centro-de-investigacao\/"},"modified":"2018-08-13T20:34:36","modified_gmt":"2018-08-13T23:34:36","slug":"centro-de-investigacao","status":"publish","type":"post","link":"https:\/\/diarioregionaldigital.com.br\/?p=88871","title":{"rendered":"Centro de Investiga\u00e7\u00e3o"},"content":{"rendered":"<p class=\"h4\">CENTRO DE INVESTIGA\u00c7\u00c3O DIAGN\u00d3STICA CARDIOVASCULAR DIGITAL DE JUIZ DE FORA LTDA \u2013 SABINCOR (C.N.P.J. sob o n\u00ba 01.794.706\/0001-35) &#8211; CONVOCA\u00c7\u00c3O PARA ASSEMBL\u00c9IA GERAL EXTRAORDIN\u00c1RIA:<\/p>\n<p>Ficam convocados todos os s\u00f3cios para Assembl\u00e9ia Geral Extraordin\u00e1ria, a realizar-se no dia 19\/01\/2018, sexta-feira, em1\u00aa convoca\u00e7\u00e3o, \u00e0s 8h, em 2\u00aa convoca\u00e7\u00e3o \u00e0s 9h, na sede do Sabincor, para elegerem os membros da Diretoria Executiva para o bi\u00eanio de 2018\/2019. A referida Assembl\u00e9iaencerrar-se \u00e0s 17h, a fim de que seja viabilizada a participa\u00e7\u00e3o efetiva de todos os s\u00f3cios. Ficam os s\u00f3cios interessados igualmente convocados para procederem ao registro pr\u00e9vio, perante o Diretor-Presidente, at\u00e9 17\/01\/2018, de chapas compostas por 3 (tr\u00eas) s\u00f3cios que pretendam se candidatar \u00e0s fun\u00e7\u00f5es de Diretor Presidente, Diretor Administrativo-Financeiro e Diretor T\u00e9cnico-Cl\u00ednico.<\/p>\n<p>Juiz de Fora, 03 de Janeiro de 2018.<\/p>\n<p>Dr. Giuliano Sarmento Duarte<br \/>Diretor-Presidente do SABINCOR<\/p>\n","protected":false},"excerpt":{"rendered":"<p>CENTRO DE INVESTIGA\u00c7\u00c3O DIAGN\u00d3STICA CARDIOVASCULAR DIGITAL DE JUIZ DE FORA LTDA \u2013 SABINCOR (C.N.P.J. sob o n\u00ba 01.794.706\/0001-35) &#8211; CONVOCA\u00c7\u00c3O PARA ASSEMBL\u00c9IA GERAL EXTRAORDIN\u00c1RIA: Ficam convocados todos os s\u00f3cios para Assembl\u00e9ia Geral Extraordin\u00e1ria, a realizar-se no dia 19\/01\/2018, sexta-feira, em1\u00aa convoca\u00e7\u00e3o, \u00e0s 8h, em 2\u00aa convoca\u00e7\u00e3o \u00e0s 9h, na sede do Sabincor, para elegerem os [&hellip;]<\/p>\n","protected":false},"author":96,"featured_media":0,"comment_status":"closed","ping_status":"closed","sticky":false,"template":"","format":"standard","meta":{"footnotes":""},"categories":[307],"tags":[],"class_list":["post-88871","post","type-post","status-publish","format-standard","hentry","category-editais"],"_links":{"self":[{"href":"https:\/\/diarioregionaldigital.com.br\/index.php?rest_route=\/wp\/v2\/posts\/88871","targetHints":{"allow":["GET"]}}],"collection":[{"href":"https:\/\/diarioregionaldigital.com.br\/index.php?rest_route=\/wp\/v2\/posts"}],"about":[{"href":"https:\/\/diarioregionaldigital.com.br\/index.php?rest_route=\/wp\/v2\/types\/post"}],"author":[{"embeddable":true,"href":"https:\/\/diarioregionaldigital.com.br\/index.php?rest_route=\/wp\/v2\/users\/96"}],"replies":[{"embeddable":true,"href":"https:\/\/diarioregionaldigital.com.br\/index.php?rest_route=%2Fwp%2Fv2%2Fcomments&post=88871"}],"version-history":[{"count":0,"href":"https:\/\/diarioregionaldigital.com.br\/index.php?rest_route=\/wp\/v2\/posts\/88871\/revisions"}],"wp:attachment":[{"href":"https:\/\/diarioregionaldigital.com.br\/index.php?rest_route=%2Fwp%2Fv2%2Fmedia&parent=88871"}],"wp:term":[{"taxonomy":"category","embeddable":true,"href":"https:\/\/diarioregionaldigital.com.br\/index.php?rest_route=%2Fwp%2Fv2%2Fcategories&post=88871"},{"taxonomy":"post_tag","embeddable":true,"href":"https:\/\/diarioregionaldigital.com.br\/index.php?rest_route=%2Fwp%2Fv2%2Ftags&post=88871"}],"curies":[{"name":"wp","href":"https:\/\/api.w.org\/{rel}","templated":true}]}}