{"id":88870,"date":"2018-01-05T20:02:57","date_gmt":"2018-01-05T22:02:57","guid":{"rendered":"http:\/\/diarioregionaljf.com.br\/2018\/01\/05\/prefeitura-municipal-de-chacara\/"},"modified":"2018-08-13T20:34:37","modified_gmt":"2018-08-13T23:34:37","slug":"prefeitura-municipal-de-chacara","status":"publish","type":"post","link":"https:\/\/diarioregionaldigital.com.br\/?p=88870","title":{"rendered":"Prefeitura Municipal de Ch\u00e1cara"},"content":{"rendered":"<p>Aviso de Licita\u00e7\u00e3o. Processo n\u00b0 002\/2018, Preg\u00e3o Presencial n\u00b0 001\/2018. Objeto: Registro de pre\u00e7os para aquisi\u00e7\u00e3o eventual e futura de MATERIAL GR\u00c1FICO, conforme condi\u00e7\u00f5es e especifica\u00e7\u00f5es contidas no edital e seus anexos. Sess\u00e3o P\u00fablica para recebimento das propostas e documenta\u00e7\u00e3o: dia 18\/01\/2018 \u00e0s 09:00 h. O edital poder\u00e1 ser obtido eletronicamente no site oficial da Prefeitura Municipal de Ch\u00e1cara (www.chacara.mg.gov.br) ou diretamente junto \u00e0 Comiss\u00e3o Permanente de Licita\u00e7\u00f5es, localizada na Rua Heitor C\u00e2ndido, n\u00ba 60, Centro, Ch\u00e1cara \u2013 MG. Informa\u00e7\u00f5es (032) 3277-1014. Email: licitacao@chacara.mg.gov.br. Pregoeira: Jonayne Aparecida Duque de Freitas. Ch\u00e1cara, 05 de janeiro de 2018.<\/p>\n","protected":false},"excerpt":{"rendered":"<p>Aviso de Licita\u00e7\u00e3o. Processo n\u00b0 002\/2018, Preg\u00e3o Presencial n\u00b0 001\/2018. Objeto: Registro de pre\u00e7os para aquisi\u00e7\u00e3o eventual e futura de MATERIAL GR\u00c1FICO, conforme condi\u00e7\u00f5es e especifica\u00e7\u00f5es contidas no edital e seus anexos. Sess\u00e3o P\u00fablica para recebimento das propostas e documenta\u00e7\u00e3o: dia 18\/01\/2018 \u00e0s 09:00 h. O edital poder\u00e1 ser obtido eletronicamente no site oficial da [&hellip;]<\/p>\n","protected":false},"author":96,"featured_media":0,"comment_status":"closed","ping_status":"closed","sticky":false,"template":"","format":"standard","meta":{"footnotes":""},"categories":[307],"tags":[],"class_list":["post-88870","post","type-post","status-publish","format-standard","hentry","category-editais"],"_links":{"self":[{"href":"https:\/\/diarioregionaldigital.com.br\/index.php?rest_route=\/wp\/v2\/posts\/88870","targetHints":{"allow":["GET"]}}],"collection":[{"href":"https:\/\/diarioregionaldigital.com.br\/index.php?rest_route=\/wp\/v2\/posts"}],"about":[{"href":"https:\/\/diarioregionaldigital.com.br\/index.php?rest_route=\/wp\/v2\/types\/post"}],"author":[{"embeddable":true,"href":"https:\/\/diarioregionaldigital.com.br\/index.php?rest_route=\/wp\/v2\/users\/96"}],"replies":[{"embeddable":true,"href":"https:\/\/diarioregionaldigital.com.br\/index.php?rest_route=%2Fwp%2Fv2%2Fcomments&post=88870"}],"version-history":[{"count":0,"href":"https:\/\/diarioregionaldigital.com.br\/index.php?rest_route=\/wp\/v2\/posts\/88870\/revisions"}],"wp:attachment":[{"href":"https:\/\/diarioregionaldigital.com.br\/index.php?rest_route=%2Fwp%2Fv2%2Fmedia&parent=88870"}],"wp:term":[{"taxonomy":"category","embeddable":true,"href":"https:\/\/diarioregionaldigital.com.br\/index.php?rest_route=%2Fwp%2Fv2%2Fcategories&post=88870"},{"taxonomy":"post_tag","embeddable":true,"href":"https:\/\/diarioregionaldigital.com.br\/index.php?rest_route=%2Fwp%2Fv2%2Ftags&post=88870"}],"curies":[{"name":"wp","href":"https:\/\/api.w.org\/{rel}","templated":true}]}}